{"id":10102,"global_id":"cultura.guanajuato.gob.mx?id=10102","global_id_lineage":["cultura.guanajuato.gob.mx?id=10102"],"author":"5","status":"publish","date":"2025-07-01 19:52:35","date_utc":"2025-07-01 19:52:35","modified":"2025-07-13 18:11:15","modified_utc":"2025-07-13 18:11:15","url":"https:\/\/cultura.guanajuato.gob.mx\/index.php\/evento\/danzon-y-mambo-10-anos-de-ritmo\/","rest_url":"https:\/\/cultura.guanajuato.gob.mx\/index.php\/wp-json\/tribe\/events\/v1\/events\/10102","title":"Danz\u00f3n y Mambo, 10 a\u00f1os de ritmo","description":"<p>Dirigido a ni\u00f1as, ni\u00f1os, adolescentes y j\u00f3venes del estado de Guanajuato, Vientos Musicales constituye un programa de formaci\u00f3n musical con un enfoque de desarrollo social e integral para las y los participantes. Con presencia en varios municipios de nuestra entidad federativa, la Orquesta Sinf\u00f3nica Vientos Musicales Le\u00f3n, con sede en el Forum, presentar\u00e1 el concierto titulado Danz\u00f3n y Mambo, 10 a\u00f1os de ritmo, en el marco de sus 10 a\u00f1os de creaci\u00f3n.<\/p>\n<p>Programa: Pavane, de Maurice Ravel.<\/p>\n<p>Acceso gratuito con boleto de acceso. Los boletos ser\u00e1n entregados el jueves 17 de julio en las taquillas del Teatro. M\u00e1ximo dos boletos por persona hasta agotar localidades.<\/p>","excerpt":"<p>Orquesta Sinf\u00f3nica Vientos Musicales Le\u00f3n<br \/>\nJonathan Esteban Rivera Castill\u00f3n, director<\/p>","slug":"danzon-y-mambo-10-anos-de-ritmo","image":{"url":"https:\/\/cultura.guanajuato.gob.mx\/wp-content\/uploads\/2025\/07\/Cartel-5.jpg","id":10539,"extension":"jpg","width":300,"height":300,"filesize":109696,"sizes":{"thumbnail":{"width":150,"height":150,"mime-type":"image\/jpeg","filesize":20335,"url":"https:\/\/cultura.guanajuato.gob.mx\/wp-content\/uploads\/2025\/07\/Cartel-5-150x150.jpg"}}},"all_day":false,"start_date":"2025-07-18 18:00:00","start_date_details":{"year":"2025","month":"07","day":"18","hour":"18","minutes":"00","seconds":"00"},"end_date":"2025-07-18 19:00:00","end_date_details":{"year":"2025","month":"07","day":"18","hour":"19","minutes":"00","seconds":"00"},"utc_start_date":"2025-07-19 00:00:00","utc_start_date_details":{"year":"2025","month":"07","day":"19","hour":"00","minutes":"00","seconds":"00"},"utc_end_date":"2025-07-19 01:00:00","utc_end_date_details":{"year":"2025","month":"07","day":"19","hour":"01","minutes":"00","seconds":"00"},"timezone":"America\/Mexico_City","timezone_abbr":"CST","cost":"","cost_details":{"currency_symbol":"$","currency_code":"MXN","currency_position":"prefix","values":[]},"website":"","show_map":true,"show_map_link":true,"hide_from_listings":false,"sticky":false,"featured":false,"categories":[{"name":"M\u00fasica","slug":"musica","term_group":0,"term_taxonomy_id":349,"taxonomy":"tribe_events_cat","description":"","parent":0,"count":103,"filter":"raw","id":349,"urls":{"self":"https:\/\/cultura.guanajuato.gob.mx\/index.php\/wp-json\/tribe\/events\/v1\/categories\/349","collection":"https:\/\/cultura.guanajuato.gob.mx\/index.php\/wp-json\/tribe\/events\/v1\/categories"}}],"tags":[{"name":"Forum Cultural Guanajuato","slug":"forum-cultural-guanajuato","term_group":0,"term_taxonomy_id":371,"taxonomy":"post_tag","description":"","parent":0,"count":280,"filter":"raw","id":371,"urls":{"self":"https:\/\/cultura.guanajuato.gob.mx\/index.php\/wp-json\/tribe\/events\/v1\/tags\/371","collection":"https:\/\/cultura.guanajuato.gob.mx\/index.php\/wp-json\/tribe\/events\/v1\/tags"}},{"name":"Le\u00f3n","slug":"leon","term_group":0,"term_taxonomy_id":241,"taxonomy":"post_tag","description":"","parent":0,"count":301,"filter":"raw","id":241,"urls":{"self":"https:\/\/cultura.guanajuato.gob.mx\/index.php\/wp-json\/tribe\/events\/v1\/tags\/241","collection":"https:\/\/cultura.guanajuato.gob.mx\/index.php\/wp-json\/tribe\/events\/v1\/tags"}},{"name":"M\u00fasica","slug":"musica","term_group":0,"term_taxonomy_id":38,"taxonomy":"post_tag","description":"","parent":0,"count":121,"filter":"raw","id":38,"urls":{"self":"https:\/\/cultura.guanajuato.gob.mx\/index.php\/wp-json\/tribe\/events\/v1\/tags\/38","collection":"https:\/\/cultura.guanajuato.gob.mx\/index.php\/wp-json\/tribe\/events\/v1\/tags"}},{"name":"Sala Principal del Teatro del Bicentenario Roberto Plasencia Salda\u00f1a","slug":"sala-principal-del-teatro-del-bicentenario-roberto-plasencia-saldana","term_group":0,"term_taxonomy_id":362,"taxonomy":"post_tag","description":"","parent":0,"count":32,"filter":"raw","id":362,"urls":{"self":"https:\/\/cultura.guanajuato.gob.mx\/index.php\/wp-json\/tribe\/events\/v1\/tags\/362","collection":"https:\/\/cultura.guanajuato.gob.mx\/index.php\/wp-json\/tribe\/events\/v1\/tags"}},{"name":"Semana 29","slug":"semana-29","term_group":0,"term_taxonomy_id":399,"taxonomy":"post_tag","description":"","parent":0,"count":25,"filter":"raw","id":399,"urls":{"self":"https:\/\/cultura.guanajuato.gob.mx\/index.php\/wp-json\/tribe\/events\/v1\/tags\/399","collection":"https:\/\/cultura.guanajuato.gob.mx\/index.php\/wp-json\/tribe\/events\/v1\/tags"}},{"name":"Semana 29 Le\u00f3n","slug":"semana-29-leon","term_group":0,"term_taxonomy_id":410,"taxonomy":"post_tag","description":"","parent":0,"count":9,"filter":"raw","id":410,"urls":{"self":"https:\/\/cultura.guanajuato.gob.mx\/index.php\/wp-json\/tribe\/events\/v1\/tags\/410","collection":"https:\/\/cultura.guanajuato.gob.mx\/index.php\/wp-json\/tribe\/events\/v1\/tags"}},{"name":"Semana 29 Sala Principal del Teatro del Bicentenario Roberto Plasencia Salda\u00f1a","slug":"semana-29-sala-principal-del-teatro-del-bicentenario-roberto-plasencia-saldana","term_group":0,"term_taxonomy_id":413,"taxonomy":"post_tag","description":"","parent":0,"count":2,"filter":"raw","id":413,"urls":{"self":"https:\/\/cultura.guanajuato.gob.mx\/index.php\/wp-json\/tribe\/events\/v1\/tags\/413","collection":"https:\/\/cultura.guanajuato.gob.mx\/index.php\/wp-json\/tribe\/events\/v1\/tags"}},{"name":"Sin costo","slug":"sin-costo","term_group":0,"term_taxonomy_id":351,"taxonomy":"post_tag","description":"","parent":0,"count":542,"filter":"raw","id":351,"urls":{"self":"https:\/\/cultura.guanajuato.gob.mx\/index.php\/wp-json\/tribe\/events\/v1\/tags\/351","collection":"https:\/\/cultura.guanajuato.gob.mx\/index.php\/wp-json\/tribe\/events\/v1\/tags"}}],"venue":{"id":9786,"author":"5","status":"publish","date":"2025-06-27 17:03:36","date_utc":"2025-06-27 17:03:36","modified":"2025-08-01 17:11:20","modified_utc":"2025-08-01 17:11:20","url":"https:\/\/cultura.guanajuato.gob.mx\/index.php\/recinto\/sala-principal-del-teatro-del-bicentenario-roberto-plasencia-saldana\/","venue":"Sala Principal del Teatro del Bicentenario Roberto Plasencia Salda\u00f1a","slug":"sala-principal-del-teatro-del-bicentenario-roberto-plasencia-saldana","address":"Prol, C. Calz. de los H\u00e9roes 908, La Martinica","city":"Le\u00f3n","province":"Guanajuato","zip":"37500","stateprovince":"Guanajuato","json_ld":{"@type":"Place","name":"Sala Principal del Teatro del Bicentenario Roberto Plasencia Salda\u00f1a","description":"","url":"","address":{"@type":"PostalAddress","streetAddress":"Prol, C. Calz. de los H\u00e9roes 908, La Martinica","addressLocality":"Le\u00f3n","addressRegion":"Guanajuato","postalCode":"37500"},"telephone":"","sameAs":""},"show_map":false,"show_map_link":false,"global_id":"cultura.guanajuato.gob.mx?id=9786","global_id_lineage":["cultura.guanajuato.gob.mx?id=9786"]},"organizer":[],"custom_fields":[],"json_ld":{"@context":"http:\/\/schema.org","@type":"Event","name":"Danz\u00f3n y Mambo, 10 a\u00f1os de ritmo","description":"&lt;p&gt;Orquesta Sinf\u00f3nica Vientos Musicales Le\u00f3n&lt;br \/&gt;\\nJonathan Esteban Rivera Castill\u00f3n, director&lt;\/p&gt;\\n","image":"https:\/\/cultura.guanajuato.gob.mx\/wp-content\/uploads\/2025\/07\/Cartel-5.jpg","url":"https:\/\/cultura.guanajuato.gob.mx\/index.php\/evento\/danzon-y-mambo-10-anos-de-ritmo\/","eventAttendanceMode":"https:\/\/schema.org\/OfflineEventAttendanceMode","eventStatus":"https:\/\/schema.org\/EventScheduled","startDate":"2025-07-18T18:00:00-06:00","endDate":"2025-07-18T19:00:00-06:00","location":{"@type":"Place","name":"Sala Principal del Teatro del Bicentenario Roberto Plasencia Salda\u00f1a","description":"","url":"","address":{"@type":"PostalAddress","streetAddress":"Prol, C. Calz. de los H\u00e9roes 908, La Martinica","addressLocality":"Le\u00f3n","addressRegion":"Guanajuato","postalCode":"37500"},"telephone":"","sameAs":""},"performer":"Organization"}}