{"id":2514,"date":"2018-05-17T18:27:24","date_gmt":"2018-05-17T18:27:24","guid":{"rendered":"http:\/\/cultura.guanajuato.gob.mx\/?p=2514"},"modified":"2018-09-12T18:07:58","modified_gmt":"2018-09-12T18:07:58","slug":"integrantes-de-los-seminarios-de-literatura-2018","status":"publish","type":"post","link":"https:\/\/cultura.guanajuato.gob.mx\/index.php\/2018\/05\/17\/integrantes-de-los-seminarios-de-literatura-2018\/","title":{"rendered":"Integrantes de los seminarios de literatura 2018"},"content":{"rendered":"<p>El Instituto Estatal de la Cultura mediante el programa Fondo para las Letras Guanajuatenses, informa que las personas que integrar\u00e1n los seminarios en creaci\u00f3n literaria en su cuarta generaci\u00f3n, son las que a continuaci\u00f3n se enlistan conforme a los tres g\u00e9neros literarios:<\/p>\n<h2><a href=\"https:\/\/cultura.guanajuato.gob.mx\/wp-content\/uploads\/2018\/05\/Lista-Seminarios-2018.pdf\"><span style=\"color: #3366ff;\"><strong>Consulta aqu\u00ed<\/strong><\/span><\/a><\/h2>\n<p>Responsable: Ra\u00fal Bravo<\/p>\n","protected":false},"excerpt":{"rendered":"<p>El Instituto Estatal de la Cultura mediante el programa Fondo para las Letras Guanajuatenses, informa que las personas que integrar\u00e1n los seminarios en creaci\u00f3n literaria en su cuarta generaci\u00f3n, son [&hellip;]<\/p>\n","protected":false},"author":5,"featured_media":2512,"comment_status":"closed","ping_status":"closed","sticky":false,"template":"","format":"standard","meta":{"footnotes":""},"categories":[1],"tags":[],"class_list":["post-2514","post","type-post","status-publish","format-standard","hentry","category-sin-categoria"],"_links":{"self":[{"href":"https:\/\/cultura.guanajuato.gob.mx\/index.php\/wp-json\/wp\/v2\/posts\/2514","targetHints":{"allow":["GET"]}}],"collection":[{"href":"https:\/\/cultura.guanajuato.gob.mx\/index.php\/wp-json\/wp\/v2\/posts"}],"about":[{"href":"https:\/\/cultura.guanajuato.gob.mx\/index.php\/wp-json\/wp\/v2\/types\/post"}],"author":[{"embeddable":true,"href":"https:\/\/cultura.guanajuato.gob.mx\/index.php\/wp-json\/wp\/v2\/users\/5"}],"replies":[{"embeddable":true,"href":"https:\/\/cultura.guanajuato.gob.mx\/index.php\/wp-json\/wp\/v2\/comments?post=2514"}],"version-history":[{"count":3,"href":"https:\/\/cultura.guanajuato.gob.mx\/index.php\/wp-json\/wp\/v2\/posts\/2514\/revisions"}],"predecessor-version":[{"id":2517,"href":"https:\/\/cultura.guanajuato.gob.mx\/index.php\/wp-json\/wp\/v2\/posts\/2514\/revisions\/2517"}],"wp:featuredmedia":[{"embeddable":true,"href":"https:\/\/cultura.guanajuato.gob.mx\/index.php\/wp-json\/wp\/v2\/media\/2512"}],"wp:attachment":[{"href":"https:\/\/cultura.guanajuato.gob.mx\/index.php\/wp-json\/wp\/v2\/media?parent=2514"}],"wp:term":[{"taxonomy":"category","embeddable":true,"href":"https:\/\/cultura.guanajuato.gob.mx\/index.php\/wp-json\/wp\/v2\/categories?post=2514"},{"taxonomy":"post_tag","embeddable":true,"href":"https:\/\/cultura.guanajuato.gob.mx\/index.php\/wp-json\/wp\/v2\/tags?post=2514"}],"curies":[{"name":"wp","href":"https:\/\/api.w.org\/{rel}","templated":true}]}}