{"id":3842,"date":"2020-04-22T02:35:39","date_gmt":"2020-04-22T02:35:39","guid":{"rendered":"http:\/\/cultura.guanajuato.gob.mx\/?p=3842"},"modified":"2020-04-22T02:35:40","modified_gmt":"2020-04-22T02:35:40","slug":"dia-mundial-del-libro-2020","status":"publish","type":"post","link":"https:\/\/cultura.guanajuato.gob.mx\/index.php\/2020\/04\/22\/dia-mundial-del-libro-2020\/","title":{"rendered":"D\u00eda Mundial del Libro 2020"},"content":{"rendered":"<p><a href=\"https:\/\/cultura.guanajuato.gob.mx\/index.php\/2020\/04\/22\/dia-mundial-del-libro-2020\/slide_dia-mundial-del-libro\/\" rel=\"attachment wp-att-3843\"><img loading=\"lazy\" decoding=\"async\" class=\"size-full wp-image-3843 aligncenter\" src=\"https:\/\/cultura.guanajuato.gob.mx\/wp-content\/uploads\/2020\/04\/Slide_D\u00eda-Mundial-del-Libro.png\" alt=\"Slide_D\u00eda-Mundial-del-Libro\" width=\"780\" height=\"380\" srcset=\"https:\/\/cultura.guanajuato.gob.mx\/wp-content\/uploads\/2020\/04\/Slide_D\u00eda-Mundial-del-Libro.png 780w, https:\/\/cultura.guanajuato.gob.mx\/wp-content\/uploads\/2020\/04\/Slide_D\u00eda-Mundial-del-Libro-300x146.png 300w, https:\/\/cultura.guanajuato.gob.mx\/wp-content\/uploads\/2020\/04\/Slide_D\u00eda-Mundial-del-Libro-768x374.png 768w\" sizes=\"auto, (max-width: 780px) 100vw, 780px\" \/><\/a><\/p>\n<p>&nbsp;<\/p>\n<p><strong>Leer nos hace grandes<\/strong><\/p>\n<p><strong>D\u00eda Mundial del Libro y el Derecho de Autor 2020<\/strong><\/p>\n<p>Este 23 de abril celebraremos el <strong>D\u00eda Mundial del Libro y el Derecho de Autor<\/strong>. Es precisamente el libro uno de nuestros refugios en estos tiempos de pandemia y, aun en la distancia, queremos unirnos con lectores, escritores, bibliotecarios y promotores de lectura de todo Guanajuato para compartir nuestro entusiasmo y aprecio al m\u00e1s grande veh\u00edculo de la imaginaci\u00f3n y el conocimiento.<\/p>\n<p><strong>Programa de actividades en l\u00ednea<\/strong><\/p>\n<p><strong>Comparte tus lecturas<\/strong><br \/>\n<em>Sube una foto del libro que est\u00e1s leyendo al Facebook de la <a href=\"https:\/\/www.facebook.com\/BCEGWigbertoJimenezMoreno\">Biblioteca Central Estatal<\/a>. Las primeras personas se llevar\u00e1n libros de regalo.<\/em><br \/>\n<em>Fecha l\u00edmite: 23 de abril.<\/em><br \/>\n<a href=\"https:\/\/www.facebook.com\/BCEGWigbertoJimenezMoreno\/photos\/a.257808207662019\/2692675077508641\">M\u00e1s informaci\u00f3n<\/a><\/p>\n<p><strong>Leyendo a los centenarios<\/strong><br \/>\n<em>Comparte un video leyendo a alguno de los autores centenarios del 2020: Isaac Asimov, Ray Bradbury, Mario Puzo, Gianni Rodari, Mario Benedetti o Clarice Lispector.<\/em><br \/>\n<em>Env\u00edalo al correo de la Biblioteca Central Estatal y pide a tus amigos que le den \u201cMe gusta\u201d. El que acumule m\u00e1s se lleva libros de regalo.<\/em><br \/>\n<em>Fecha l\u00edmite: 23 de abril, 12:00 horas.<\/em><br \/>\n<a href=\"https:\/\/www.facebook.com\/BCEGWigbertoJimenezMoreno\/photos\/a.257808207662019\/2691387177637431\">M\u00e1s informaci\u00f3n<\/a><\/p>\n<p><strong>Leyendo en tiempos de pandemia<\/strong><br \/>\n<em>Comparte un video con tu lectura favorita o un testimonio sobre tu experiencia lectora en el Facebook de <a href=\"https:\/\/www.facebook.com\/EdicionesLaRana\/\">Ediciones de La Rana<\/a>. <\/em><br \/>\n<em>Fecha l\u00edmite: hasta que termine la contingencia sanitaria.<\/em><br \/>\nM\u00e1s informaci\u00f3n<\/p>\n<p><strong>Una ma\u00f1ana de cuentos<\/strong><br \/>\n<em>Bibliotecarios de distintos municipios nos comparten una selecci\u00f3n de historias para los m\u00e1s peque\u00f1itos.<\/em><br \/>\n<em>Desde el Facebook del <a href=\"https:\/\/www.facebook.com\/InstitutoEstataldelaCulturadeGuanajuato\/\">Instituto Estatal de la Cultura<\/a>.<\/em><br \/>\n<em>23 de abril, 10:00 horas.<\/em><\/p>\n<p><strong>Feria del Libro y la Lectura (en tu casa)<\/strong><br \/>\n<em>El equipo de 12 bibliotecas del estado compartir\u00e1 a lo largo del d\u00eda actividades como lecturas en voz alta, charlas con autores y presentaciones de ni\u00f1os narradores y escritores.<\/em><br \/>\n<em>Desde las p\u00e1ginas de Facebook de cada biblioteca.<\/em><br \/>\n<em>23 de abril, a partir de las 11:00 horas.<\/em><\/p>\n<p><strong>Bibliotecas participantes<\/strong><\/p>\n<p><strong>Bloque de 11:00 a 13:00 horas<\/strong><br \/>\nMorole\u00f3n | <a href=\"https:\/\/www.facebook.com\/people\/Biblioteca-Tomas-Moreno-Moroleon\/100011952887993\">Biblioteca Gral. Tom\u00e1s Moreno<\/a><br \/>\nSan Luis de la Paz | <a href=\"https:\/\/www.facebook.com\/BibliotecaPublicaLicAlfonsoTejaZabre\/\">Biblioteca Alfonso Teja Zabre<\/a><br \/>\nComonfort | <a href=\"https:\/\/www.facebook.com\/Coordinaci%C3%B3n-de-Educaci%C3%B3n-Municipio-de-Comonfort-Gto-106795050960056\/\">Biblioteca Jos\u00e9 Mar\u00eda Luis Mora<\/a><br \/>\nCortazar | Biblioteca Ignacio Ram\u00edrez<\/p>\n<p><strong>Bloque de 13:0 a 15:00 horas<\/strong><br \/>\nUriangato | <a href=\"https:\/\/www.facebook.com\/B.Prof.GerardoPedraza\">Biblioteca Prof. Gerardo Pedraza<\/a><br \/>\nApaseo el Alto | <a href=\"https:\/\/www.facebook.com\/MunicipioDeApaseoElAlto\/\">Biblioteca 18 de diciembre<\/a><br \/>\nVillagr\u00e1n | <a href=\"https:\/\/www.facebook.com\/Bibliotecas-P%C3%BAblicas-Villagr%C3%A1n-105310677816967\/\">Biblioteca Amado Ortega<\/a><br \/>\nPur\u00edsima del Rinc\u00f3n | <a href=\"https:\/\/www.facebook.com\/Biblioteca-Lic-Federico-Medrano-Valdivia-668353006640937\/\">Biblioteca Federico Medrano<\/a><\/p>\n<p><strong>Bloque de 17:00 a 19:00 horas<\/strong><br \/>\nSan Francisco del Rinc\u00f3n |<a href=\"https:\/\/www.facebook.com\/Biblioteca-Lic-Federico-Medrano-Valdivia-668353006640937\/\"> Biblioteca Francisco Orozco Mu\u00f1oz<\/a><br \/>\nP\u00e9njamo | <a href=\"https:\/\/www.facebook.com\/bpmlicfelipe.arredondo\">Biblioteca Lic. Felipe Arredondo<\/a><br \/>\nDoctor Mora | <a href=\"https:\/\/www.facebook.com\/profile.php?id=100005288591711\">Biblioteca Agust\u00edn Gonz\u00e1lez de Coss\u00edo<\/a><br \/>\nLe\u00f3n | <a href=\"https:\/\/www.facebook.com\/direcciondeeducacion.municipal\/\">Bibliotecas del Municipio<\/a><\/p>\n","protected":false},"excerpt":{"rendered":"<p>&nbsp; Leer nos hace grandes D\u00eda Mundial del Libro y el Derecho de Autor 2020 Este 23 de abril celebraremos el D\u00eda Mundial del Libro y el Derecho de Autor. [&hellip;]<\/p>\n","protected":false},"author":5,"featured_media":0,"comment_status":"closed","ping_status":"closed","sticky":false,"template":"","format":"standard","meta":{"footnotes":""},"categories":[1],"tags":[],"class_list":["post-3842","post","type-post","status-publish","format-standard","hentry","category-sin-categoria"],"_links":{"self":[{"href":"https:\/\/cultura.guanajuato.gob.mx\/index.php\/wp-json\/wp\/v2\/posts\/3842","targetHints":{"allow":["GET"]}}],"collection":[{"href":"https:\/\/cultura.guanajuato.gob.mx\/index.php\/wp-json\/wp\/v2\/posts"}],"about":[{"href":"https:\/\/cultura.guanajuato.gob.mx\/index.php\/wp-json\/wp\/v2\/types\/post"}],"author":[{"embeddable":true,"href":"https:\/\/cultura.guanajuato.gob.mx\/index.php\/wp-json\/wp\/v2\/users\/5"}],"replies":[{"embeddable":true,"href":"https:\/\/cultura.guanajuato.gob.mx\/index.php\/wp-json\/wp\/v2\/comments?post=3842"}],"version-history":[{"count":2,"href":"https:\/\/cultura.guanajuato.gob.mx\/index.php\/wp-json\/wp\/v2\/posts\/3842\/revisions"}],"predecessor-version":[{"id":3845,"href":"https:\/\/cultura.guanajuato.gob.mx\/index.php\/wp-json\/wp\/v2\/posts\/3842\/revisions\/3845"}],"wp:attachment":[{"href":"https:\/\/cultura.guanajuato.gob.mx\/index.php\/wp-json\/wp\/v2\/media?parent=3842"}],"wp:term":[{"taxonomy":"category","embeddable":true,"href":"https:\/\/cultura.guanajuato.gob.mx\/index.php\/wp-json\/wp\/v2\/categories?post=3842"},{"taxonomy":"post_tag","embeddable":true,"href":"https:\/\/cultura.guanajuato.gob.mx\/index.php\/wp-json\/wp\/v2\/tags?post=3842"}],"curies":[{"name":"wp","href":"https:\/\/api.w.org\/{rel}","templated":true}]}}