{"id":4260,"date":"2020-05-28T18:11:30","date_gmt":"2020-05-28T18:11:30","guid":{"rendered":"http:\/\/cultura.guanajuato.gob.mx\/?p=4260"},"modified":"2020-05-28T18:14:26","modified_gmt":"2020-05-28T18:14:26","slug":"resultados-de-cerca-escena-para-llevar-primera-emision","status":"publish","type":"post","link":"https:\/\/cultura.guanajuato.gob.mx\/index.php\/2020\/05\/28\/resultados-de-cerca-escena-para-llevar-primera-emision\/","title":{"rendered":"Resultados De Cerca Escena para Llevar Primera Emisi\u00f3n"},"content":{"rendered":"<p><a href=\"https:\/\/cultura.guanajuato.gob.mx\/index.php\/2020\/05\/28\/resultados-de-cerca-escena-para-llevar-primera-emision\/slide_resultados_de-cerca\/\" rel=\"attachment wp-att-4261\"><img loading=\"lazy\" decoding=\"async\" class=\"size-full wp-image-4261 aligncenter\" src=\"https:\/\/cultura.guanajuato.gob.mx\/wp-content\/uploads\/2020\/05\/Slide_resultados_De-Cerca.png\" alt=\"Slide_resultados_De-Cerca\" width=\"780\" height=\"380\" srcset=\"https:\/\/cultura.guanajuato.gob.mx\/wp-content\/uploads\/2020\/05\/Slide_resultados_De-Cerca.png 780w, https:\/\/cultura.guanajuato.gob.mx\/wp-content\/uploads\/2020\/05\/Slide_resultados_De-Cerca-300x146.png 300w, https:\/\/cultura.guanajuato.gob.mx\/wp-content\/uploads\/2020\/05\/Slide_resultados_De-Cerca-768x374.png 768w\" sizes=\"auto, (max-width: 780px) 100vw, 780px\" \/><\/a><\/p>\n<p>&nbsp;<\/p>\n<p>El Gobierno del Estado de Guanajuato, a trav\u00e9s del Instituto Estatal de la Cultura, felicita a los artistas seleccionados en la primera emisi\u00f3n de la convocatoria <strong>De Cerca. Escena para Llevar<\/strong>.<\/p>\n<p><strong>Ra\u00fal Ju\u00e1rez Sosa<\/strong><br \/>\n* Mani kunda ere&#8217;r y el derecho a jugar<br \/>\n* Diego en Positos<\/p>\n<p><strong>Jhonatan Ortiz Mendoza<\/strong><br \/>\n* Vac\u00edo<br \/>\n* Var\u00f3n<\/p>\n<p><strong>Pa\u00fal Le\u00f3n Morales<\/strong><br \/>\n* Interludio. Mientras tanto<br \/>\n* Ludio. Mientras tanto<\/p>\n<p><strong>Mar\u00eda Ibeth Ortiz Barroso<\/strong><br \/>\n* Arias de \u00f3pera italianas<br \/>\n* Canciones espa\u00f1olas de Manuel de Falla<\/p>\n<p><strong>Agust\u00edn Ramos Torres<\/strong><br \/>\n* Mi mundo es muy chiquito<br \/>\n* Gernika<\/p>\n<p><strong>Juan Carlos Torres Cuellar<\/strong><br \/>\n* Canci\u00f3n de las vacaciones y mi pap\u00e1 no es un animal<br \/>\n* Canciones El ni\u00f1o confundido y la pi\u00f1ata<\/p>\n<p><strong>Jos\u00e9 Rafael Melgar Azanza<\/strong><br \/>\n* Suite Los viajes de Gulliver para dos violines en Re mayor<br \/>\n* D\u00fao brillante no.1 para dos violines<\/p>\n<p><strong>Carlos Arturo Orozco Gallardo<\/strong><br \/>\n* La est\u00e9tica de lo encontrado<br \/>\n* Interludio 1 &#8211; A donde el coraz\u00f3n te lleve<\/p>\n<p><strong>Lorena Kasper Torres<\/strong><br \/>\n* Trebejos<br \/>\n* El papalote<\/p>\n<p><strong>Juan \u00d3scar Alejandro Gardu\u00f1o Ruiz<\/strong><br \/>\n* El d\u00eda que se perdieron los colores<br \/>\n* Colitas y bigotes<\/p>\n<p><strong>Andr\u00e9s Iv\u00e1n Arreola Conejo<\/strong><br \/>\n* A mi juicio<br \/>\n* A mi juicio<\/p>\n<p><strong>Andr\u00e9s Efra\u00edn Longinos Ochoa<\/strong><br \/>\n* Las maravillas del vibr\u00e1fono<br \/>\n* Los hermosos y tormentosos timbales<\/p>\n<p><strong>Violeta Ram\u00edrez Casillas<\/strong><br \/>\n* Lucifer<br \/>\n* El cabello de la abuela<\/p>\n<p><strong>Sindy Consuelo Guti\u00e9rrez Soria<\/strong><br \/>\n* Arias de \u00f3pera<br \/>\n* Canci\u00f3n popular espa\u00f1ola, los madrigalistas<\/p>\n<p><strong>Jos\u00e9 Manuel Efra\u00edn Arredondo Cardona<\/strong><br \/>\n* Las canciones de los abuelos<br \/>\n* Trovando-tromb\u00f3n<\/p>\n<p><strong>Mario Guiot Tenorio<\/strong><br \/>\n* Cantar gitano<br \/>\n* Tesoros iberoamericanos<\/p>\n<p><strong>Leopoldo Torres Castillo<\/strong><br \/>\n* 7 formas del arpegio maj7 para guitarra el\u00e9ctrica<br \/>\n* 7 formas de la escala mayor natural para guitarra el\u00e9ctrica<\/p>\n<p><strong>Adalberto de Jes\u00fas Tovar G\u00f3mez<\/strong><br \/>\n* C3; para piano, electr\u00f3nica y video<br \/>\n* Tiempo<\/p>\n<p><strong>Roberto Carlos Almanza L\u00f3pez<\/strong><br \/>\n* Temas instrumentales al piano<br \/>\n* Temas voz y piano<\/p>\n<p><strong>Ana Leonora Cervantes<\/strong><br \/>\n* Canciones de cerca<br \/>\n* Canciones sin palabras<\/p>\n<p><strong>Luis Andr\u00e9s Tovar G\u00f3mez<\/strong><br \/>\n* Mon\u00f3logos tangueros 1<br \/>\n* Mon\u00f3logos tangueros 2<\/p>\n<p><strong>Salvador Emmanuel Ontiveros Araiza<\/strong><br \/>\n*Desde adentro<br \/>\n*Retru\u00e9cano<\/p>\n<p><strong>Gilberto Hern\u00e1ndez Chong<\/strong><br \/>\n* \u00cdntimo guitarra y voz. Primer set<br \/>\n* \u00cdntimo guitarra y voz. Segundo set<\/p>\n<p><strong>\u00c1ngela Mar\u00eda Vela Hern\u00e1ndez<\/strong><br \/>\n* Madre Tierra<br \/>\n* Mujeres<\/p>\n<p><strong>Luis Enrique Palomino Vereau<\/strong><br \/>\n* Baladas pop rock<br \/>\n* Soundtracks<\/p>\n<p><strong>Gerardo Iv\u00e1n Ram\u00edrez N\u00fa\u00f1ez<\/strong><br \/>\n* ATP<br \/>\n* El gigante<\/p>\n<p><strong>Arturo Alejandro Puente Espinosa<\/strong><br \/>\n* Bailando con Cri Cri<br \/>\n* Unos a otros<\/p>\n<p><strong>Eduardo Vallejo Torres<\/strong><br \/>\n* Cerda y Vallejo Dueto<br \/>\n* Baja\u00f1\u00ed flamenco<\/p>\n<p><strong>Laura Paloma Monz\u00f3n Rojas<\/strong><br \/>\n* De la s\u00edlaba HRI<br \/>\n* Plegaria de una flor<\/p>\n<p><strong>David Osvaldo Eudave Rosales<\/strong><br \/>\n* Chicapa<br \/>\n* \u00d3leo de muchacha con turbante, caballo muerto y jabalina<\/p>\n<p><strong>Jos\u00e9 Carlos Flores Villase\u00f1or<\/strong><br \/>\n* Acompa\u00f1\u00e1ndote 1<br \/>\n* Acompa\u00f1\u00e1ndote 2<\/p>\n<p><strong>Aremy Guadalupe S\u00e1nchez Teyer<\/strong><br \/>\n* Enso\u00f1aci\u00f3n. M\u00fasica Mexicana<br \/>\n* Enso\u00f1aci\u00f3n. Purcell\/Messiaen\/ Barber<\/p>\n<p><strong>Georgina Arriola Mart\u00ednez<\/strong><br \/>\n* Perspectivas<br \/>\n* Guapo<\/p>\n<p><strong>Julieta Rodr\u00edguez Barajas<\/strong><br \/>\n* Pla\u00f1ideras o de c\u00f3mo se convirti\u00f3 F\u00e1tima en llorona<br \/>\n* \u00c1rido<\/p>\n<p><strong>Abraham Daniel Meza Salgado<\/strong><br \/>\n* Entre el g\u00e9nero cl\u00e1sico y la m\u00fasica moderna<br \/>\n* Ciclo de m\u00fasica del mundo<\/p>\n<p><strong>Jos\u00e9 Mario Ortiz S\u00e1nchez<\/strong><br \/>\n* Recital de guitarra cl\u00e1sica con obras de Francisco T\u00e1rrega y Manuel M. Ponce<br \/>\n* Recital de guitarra cl\u00e1sica con obras de Fernando Sor<\/p>\n<p><strong>Indira Lyzbeth Rivera Hern\u00e1ndez<\/strong><br \/>\n* Concepci\u00f3n<br \/>\n* Capullo<\/p>\n<p><strong>Marco Antonio Almaguer Garc\u00eda<\/strong><br \/>\n* Tiempo tango y pata buena<br \/>\n* Ceiba y te comenc\u00e9 a extra\u00f1ar<\/p>\n<p><strong>Martha Paola Mart\u00ednez Arenas<\/strong><br \/>\n* Perfecci\u00f3n<br \/>\n* Respira<\/p>\n<p><strong>Rosa Elena Romero Alonso<\/strong><br \/>\n* La no intensidad<br \/>\n* C\u00f3mo hacer teatro a escondidas<\/p>\n<p><strong>Oscar Enrique Esqueda Pantoja<\/strong><br \/>\n* Conoce a la Orquesta Filarm\u00f3nica de Le\u00f3n<br \/>\n* La Orquesta Filarm\u00f3nica de Le\u00f3n el d\u00eda de hoy<\/p>\n<p><strong>Sandra M\u00f3nica Ram\u00edrez Hern\u00e1ndez<\/strong><br \/>\n* Otro nos<br \/>\n* Ese ligero monstruo alado llamado tendedero<\/p>\n<p>Los responsables de los proyectos seleccionados recibir\u00e1n un correo electr\u00f3nico, en donde se les informar\u00e1 el procedimiento para recibir el recurso y realizar la firma de contrato.<\/p>\n<p><a href=\"https:\/\/www.dropbox.com\/s\/tliclq1mtldbj5z\/Resultados_De%20cerca_compressed.pdf?dl=0\" target=\"_blank\">Descarga aqu\u00ed la versi\u00f3n impresa con los resultados<\/a><\/p>\n<p>Guanajuato, Gto., 28 de mayo de 2020.<\/p>\n","protected":false},"excerpt":{"rendered":"<p>&nbsp; El Gobierno del Estado de Guanajuato, a trav\u00e9s del Instituto Estatal de la Cultura, felicita a los artistas seleccionados en la primera emisi\u00f3n de la convocatoria De Cerca. Escena [&hellip;]<\/p>\n","protected":false},"author":5,"featured_media":0,"comment_status":"closed","ping_status":"closed","sticky":false,"template":"","format":"standard","meta":{"footnotes":""},"categories":[1],"tags":[],"class_list":["post-4260","post","type-post","status-publish","format-standard","hentry","category-sin-categoria"],"_links":{"self":[{"href":"https:\/\/cultura.guanajuato.gob.mx\/index.php\/wp-json\/wp\/v2\/posts\/4260","targetHints":{"allow":["GET"]}}],"collection":[{"href":"https:\/\/cultura.guanajuato.gob.mx\/index.php\/wp-json\/wp\/v2\/posts"}],"about":[{"href":"https:\/\/cultura.guanajuato.gob.mx\/index.php\/wp-json\/wp\/v2\/types\/post"}],"author":[{"embeddable":true,"href":"https:\/\/cultura.guanajuato.gob.mx\/index.php\/wp-json\/wp\/v2\/users\/5"}],"replies":[{"embeddable":true,"href":"https:\/\/cultura.guanajuato.gob.mx\/index.php\/wp-json\/wp\/v2\/comments?post=4260"}],"version-history":[{"count":4,"href":"https:\/\/cultura.guanajuato.gob.mx\/index.php\/wp-json\/wp\/v2\/posts\/4260\/revisions"}],"predecessor-version":[{"id":4264,"href":"https:\/\/cultura.guanajuato.gob.mx\/index.php\/wp-json\/wp\/v2\/posts\/4260\/revisions\/4264"}],"wp:attachment":[{"href":"https:\/\/cultura.guanajuato.gob.mx\/index.php\/wp-json\/wp\/v2\/media?parent=4260"}],"wp:term":[{"taxonomy":"category","embeddable":true,"href":"https:\/\/cultura.guanajuato.gob.mx\/index.php\/wp-json\/wp\/v2\/categories?post=4260"},{"taxonomy":"post_tag","embeddable":true,"href":"https:\/\/cultura.guanajuato.gob.mx\/index.php\/wp-json\/wp\/v2\/tags?post=4260"}],"curies":[{"name":"wp","href":"https:\/\/api.w.org\/{rel}","templated":true}]}}