{"id":4316,"date":"2020-06-19T18:56:58","date_gmt":"2020-06-19T18:56:58","guid":{"rendered":"http:\/\/cultura.guanajuato.gob.mx\/?p=4316"},"modified":"2020-06-24T14:43:44","modified_gmt":"2020-06-24T14:43:44","slug":"activacion-creativa-mi-papa-es-una-obra-de-arte","status":"publish","type":"post","link":"https:\/\/cultura.guanajuato.gob.mx\/index.php\/2020\/06\/19\/activacion-creativa-mi-papa-es-una-obra-de-arte\/","title":{"rendered":"Activaci\u00f3n Creativa: Mi pap\u00e1 es una obra de arte"},"content":{"rendered":"<p><a href=\"https:\/\/cultura.guanajuato.gob.mx\/index.php\/2020\/06\/19\/activacion-creativa-mi-papa-es-una-obra-de-arte\/slide_mi-papa-es-una-obra-de-arte\/\" rel=\"attachment wp-att-4318\"><img loading=\"lazy\" decoding=\"async\" class=\"size-full wp-image-4318 aligncenter\" src=\"https:\/\/cultura.guanajuato.gob.mx\/wp-content\/uploads\/2020\/06\/Slide_Mi-Pap\u00e1-es-una-obra-de-arte.png\" alt=\"Slide_Mi-Pap\u00e1-es-una-obra-de-arte\" width=\"780\" height=\"380\" srcset=\"https:\/\/cultura.guanajuato.gob.mx\/wp-content\/uploads\/2020\/06\/Slide_Mi-Pap\u00e1-es-una-obra-de-arte.png 780w, https:\/\/cultura.guanajuato.gob.mx\/wp-content\/uploads\/2020\/06\/Slide_Mi-Pap\u00e1-es-una-obra-de-arte-300x146.png 300w, https:\/\/cultura.guanajuato.gob.mx\/wp-content\/uploads\/2020\/06\/Slide_Mi-Pap\u00e1-es-una-obra-de-arte-768x374.png 768w\" sizes=\"auto, (max-width: 780px) 100vw, 780px\" \/><\/a><\/p>\n<p>El Instituto Estatal de la Cultura te invita a participar en su activaci\u00f3n creativa <strong><em>Mi pap\u00e1 es una obra de arte<\/em><\/strong>.<\/p>\n<p><strong>Bases<\/strong><\/p>\n<p>1. Pueden participar todas y todos los guanajuatenses sin l\u00edmite de edad.<\/p>\n<p>2. Recrea en la vida real (es decir caracter\u00edzate con vestuario, maquillaje y utiler\u00eda), de la manera m\u00e1s creativa y con lo que tengas a la mano, alguna de las obras que te presentamos y que forman parte del acervo de nuestros museos.<\/p>\n\n\t\t<style type=\"text\/css\">\n\t\t\t#gallery-1 {\n\t\t\t\tmargin: auto;\n\t\t\t}\n\t\t\t#gallery-1 .gallery-item {\n\t\t\t\tfloat: left;\n\t\t\t\tmargin-top: 10px;\n\t\t\t\ttext-align: center;\n\t\t\t\twidth: 33%;\n\t\t\t}\n\t\t\t#gallery-1 img {\n\t\t\t\tborder: 2px solid #cfcfcf;\n\t\t\t}\n\t\t\t#gallery-1 .gallery-caption {\n\t\t\t\tmargin-left: 0;\n\t\t\t}\n\t\t\t\/* see gallery_shortcode() in wp-includes\/media.php *\/\n\t\t<\/style>\n\t\t<div id='gallery-1' class='gallery galleryid-4316 gallery-columns-3 gallery-size-thumbnail'><dl class='gallery-item'>\n\t\t\t<dt class='gallery-icon portrait'>\n\t\t\t\t<a href='https:\/\/cultura.guanajuato.gob.mx\/index.php\/2020\/06\/19\/activacion-creativa-mi-papa-es-una-obra-de-arte\/rafael-sanchez-hermenegildo_resize\/'><img loading=\"lazy\" decoding=\"async\" width=\"150\" height=\"150\" src=\"https:\/\/cultura.guanajuato.gob.mx\/wp-content\/uploads\/2020\/06\/Rafael-Sanchez-Hermenegildo_resize-150x150.jpg\" class=\"attachment-thumbnail size-thumbnail\" alt=\"\" aria-describedby=\"gallery-1-4325\" srcset=\"https:\/\/cultura.guanajuato.gob.mx\/wp-content\/uploads\/2020\/06\/Rafael-Sanchez-Hermenegildo_resize-150x150.jpg 150w, https:\/\/cultura.guanajuato.gob.mx\/wp-content\/uploads\/2020\/06\/Rafael-Sanchez-Hermenegildo_resize-45x45.jpg 45w\" sizes=\"auto, (max-width: 150px) 100vw, 150px\" \/><\/a>\n\t\t\t<\/dt>\n\t\t\t\t<dd class='wp-caption-text gallery-caption' id='gallery-1-4325'>\n\t\t\t\tRafael S\u00e1nchez &#8211; Hermenegildo Bustos\n\t\t\t\t<\/dd><\/dl><dl class='gallery-item'>\n\t\t\t<dt class='gallery-icon portrait'>\n\t\t\t\t<a href='https:\/\/cultura.guanajuato.gob.mx\/index.php\/2020\/06\/19\/activacion-creativa-mi-papa-es-una-obra-de-arte\/retrato-de-hombre-anonimo\/'><img loading=\"lazy\" decoding=\"async\" width=\"150\" height=\"150\" src=\"https:\/\/cultura.guanajuato.gob.mx\/wp-content\/uploads\/2020\/06\/Retrato-de-hombre-Anonimo-150x150.jpg\" class=\"attachment-thumbnail size-thumbnail\" alt=\"\" aria-describedby=\"gallery-1-4326\" srcset=\"https:\/\/cultura.guanajuato.gob.mx\/wp-content\/uploads\/2020\/06\/Retrato-de-hombre-Anonimo-150x150.jpg 150w, https:\/\/cultura.guanajuato.gob.mx\/wp-content\/uploads\/2020\/06\/Retrato-de-hombre-Anonimo-45x45.jpg 45w\" sizes=\"auto, (max-width: 150px) 100vw, 150px\" \/><\/a>\n\t\t\t<\/dt>\n\t\t\t\t<dd class='wp-caption-text gallery-caption' id='gallery-1-4326'>\n\t\t\t\tRetrato de hombre &#8211; An\u00f3nimo\n\t\t\t\t<\/dd><\/dl><dl class='gallery-item'>\n\t\t\t<dt class='gallery-icon portrait'>\n\t\t\t\t<a href='https:\/\/cultura.guanajuato.gob.mx\/index.php\/2020\/06\/19\/activacion-creativa-mi-papa-es-una-obra-de-arte\/san-jose-y-el-nino-atribuido\/'><img loading=\"lazy\" decoding=\"async\" width=\"150\" height=\"150\" src=\"https:\/\/cultura.guanajuato.gob.mx\/wp-content\/uploads\/2020\/06\/San-Jose-y-el-Ni\u00f1o-Atribuido-150x150.jpg\" class=\"attachment-thumbnail size-thumbnail\" alt=\"\" aria-describedby=\"gallery-1-4327\" srcset=\"https:\/\/cultura.guanajuato.gob.mx\/wp-content\/uploads\/2020\/06\/San-Jose-y-el-Ni\u00f1o-Atribuido-150x150.jpg 150w, https:\/\/cultura.guanajuato.gob.mx\/wp-content\/uploads\/2020\/06\/San-Jose-y-el-Ni\u00f1o-Atribuido-45x45.jpg 45w\" sizes=\"auto, (max-width: 150px) 100vw, 150px\" \/><\/a>\n\t\t\t<\/dt>\n\t\t\t\t<dd class='wp-caption-text gallery-caption' id='gallery-1-4327'>\n\t\t\t\tSan Jos\u00e9 y Ni\u00f1o Jes\u00fas &#8211; Atribuido a Hermenegildo Bustos\n\t\t\t\t<\/dd><\/dl><br style=\"clear: both\" \/><dl class='gallery-item'>\n\t\t\t<dt class='gallery-icon portrait'>\n\t\t\t\t<a href='https:\/\/cultura.guanajuato.gob.mx\/index.php\/2020\/06\/19\/activacion-creativa-mi-papa-es-una-obra-de-arte\/el-padre-jose-chavez\/'><img loading=\"lazy\" decoding=\"async\" width=\"150\" height=\"150\" src=\"https:\/\/cultura.guanajuato.gob.mx\/wp-content\/uploads\/2020\/06\/El-padre-Jose-Chavez-150x150.jpg\" class=\"attachment-thumbnail size-thumbnail\" alt=\"\" aria-describedby=\"gallery-1-4324\" srcset=\"https:\/\/cultura.guanajuato.gob.mx\/wp-content\/uploads\/2020\/06\/El-padre-Jose-Chavez-150x150.jpg 150w, https:\/\/cultura.guanajuato.gob.mx\/wp-content\/uploads\/2020\/06\/El-padre-Jose-Chavez-45x45.jpg 45w\" sizes=\"auto, (max-width: 150px) 100vw, 150px\" \/><\/a>\n\t\t\t<\/dt>\n\t\t\t\t<dd class='wp-caption-text gallery-caption' id='gallery-1-4324'>\n\t\t\t\tEl padre &#8211; Jos\u00e9 Ch\u00e1vez Morado\n\t\t\t\t<\/dd><\/dl><dl class='gallery-item'>\n\t\t\t<dt class='gallery-icon portrait'>\n\t\t\t\t<a href='https:\/\/cultura.guanajuato.gob.mx\/index.php\/2020\/06\/19\/activacion-creativa-mi-papa-es-una-obra-de-arte\/don-secundino-hermengildo_resize\/'><img loading=\"lazy\" decoding=\"async\" width=\"150\" height=\"150\" src=\"https:\/\/cultura.guanajuato.gob.mx\/wp-content\/uploads\/2020\/06\/Don-Secundino-Hermengildo_resize-150x150.jpg\" class=\"attachment-thumbnail size-thumbnail\" alt=\"\" aria-describedby=\"gallery-1-4322\" srcset=\"https:\/\/cultura.guanajuato.gob.mx\/wp-content\/uploads\/2020\/06\/Don-Secundino-Hermengildo_resize-150x150.jpg 150w, https:\/\/cultura.guanajuato.gob.mx\/wp-content\/uploads\/2020\/06\/Don-Secundino-Hermengildo_resize-45x45.jpg 45w\" sizes=\"auto, (max-width: 150px) 100vw, 150px\" \/><\/a>\n\t\t\t<\/dt>\n\t\t\t\t<dd class='wp-caption-text gallery-caption' id='gallery-1-4322'>\n\t\t\t\tDon Secundino Guti\u00e9rrez &#8211; Hermenegildo Bustos\n\t\t\t\t<\/dd><\/dl><dl class='gallery-item'>\n\t\t\t<dt class='gallery-icon landscape'>\n\t\t\t\t<a href='https:\/\/cultura.guanajuato.gob.mx\/index.php\/2020\/06\/19\/activacion-creativa-mi-papa-es-una-obra-de-arte\/el-carrusel-leopoldo-mendez_resize\/'><img loading=\"lazy\" decoding=\"async\" width=\"150\" height=\"150\" src=\"https:\/\/cultura.guanajuato.gob.mx\/wp-content\/uploads\/2020\/06\/El-carrusel-Leopoldo-Mendez_resize-150x150.jpg\" class=\"attachment-thumbnail size-thumbnail\" alt=\"\" aria-describedby=\"gallery-1-4323\" srcset=\"https:\/\/cultura.guanajuato.gob.mx\/wp-content\/uploads\/2020\/06\/El-carrusel-Leopoldo-Mendez_resize-150x150.jpg 150w, https:\/\/cultura.guanajuato.gob.mx\/wp-content\/uploads\/2020\/06\/El-carrusel-Leopoldo-Mendez_resize-45x45.jpg 45w\" sizes=\"auto, (max-width: 150px) 100vw, 150px\" \/><\/a>\n\t\t\t<\/dt>\n\t\t\t\t<dd class='wp-caption-text gallery-caption' id='gallery-1-4323'>\n\t\t\t\tEl carrusel &#8211; Leopoldo M\u00e9ndez\n\t\t\t\t<\/dd><\/dl><br style=\"clear: both\" \/>\n\t\t<\/div>\n\n<p>3. Toma una foto digital de tu recreaci\u00f3n (formato JPEG, de m\u00e1ximo 3 MB) y env\u00edala por correo electr\u00f3nico a <a href=\"mailto:gto.cultura@gmail.com\" target=\"_blank\">gto.cultura@gmail.com<\/a> o post\u00e9ala como comentario <a href=\"https:\/\/www.facebook.com\/InstitutoEstataldelaCulturadeGuanajuato\/photos\/a.412123758216\/10158708620263217\" target=\"_blank\">\u00fanicamente en esta publicaci\u00f3n<\/a> de nuestra p\u00e1gina en Facebook.<\/p>\n<p>4. Cada participante puede enviar s\u00f3lo una fotograf\u00eda.<\/p>\n<p>5. La recepci\u00f3n de fotos se cierra el domingo <strong>28 de junio de 2020<\/strong> a las 22:00 horas.<\/p>\n<p>6. Un jurado integrado por especialistas y colaboradores del Instituto Estatal de la Cultura elegir\u00e1 las 10 mejores fotograf\u00edas.<\/p>\n<p>7. El reto inicia a partir de la presente publicaci\u00f3n. El resultado se informar\u00e1 en nuestras redes sociales el <strong>30 de junio de 2020<\/strong>.<\/p>\n<p>8. Los ganadores recibir\u00e1n un reconocimiento del IEC en formato digital y un Pase Cultural que incluye un libro de Ediciones La Rana, un acceso doble a cualquier museo del IEC, un acceso doble a una funci\u00f3n del Teatro Ju\u00e1rez (excepto eventos del Festival Internacional Cervantino) y una entrada familiar (cinco personas) a cualquier zona arqueol\u00f3gica del estado. El Pase Cultura podr\u00e1 hacerse v\u00e1lido terminada la contingencia sanitaria.<\/p>\n<p>9. Los participantes aceptan que sus trabajos puedan ser utilizados por el Instituto Estatal de la Cultura, con fines de difusi\u00f3n cultural.<\/p>\n<p><em>*Pase Cultural v\u00e1lido para los siguientes museos: Casa Diego Rivera, del Pueblo, Palacio de los Poderes, Conde Rul y Olga Costa-Jos\u00e9 Ch\u00e1vez Morado (Guanajuato); Jos\u00e9 y Tom\u00e1s Ch\u00e1vez Morado (Silao) y Hermenegildo Bustos (Pur\u00edsima del Rinc\u00f3n); as\u00ed como para las zonas arqueol\u00f3gicas: Ca\u00f1ada de la Virgen, en San Miguel de Allende; El C\u00f3poro, en Ocampo; Arroyo Seco, en Victoria; Plazuelas, en P\u00e9njamo y Peralta, en Abasolo.<\/em><\/p>\n<p><em>*No participan en esta actividad colaboradores del Instituto Estatal de la Cultura ni sus familiares directos.<\/em><\/p>\n","protected":false},"excerpt":{"rendered":"<p>El Instituto Estatal de la Cultura te invita a participar en su activaci\u00f3n creativa Mi pap\u00e1 es una obra de arte. Bases 1. Pueden participar todas y todos los guanajuatenses [&hellip;]<\/p>\n","protected":false},"author":5,"featured_media":0,"comment_status":"closed","ping_status":"closed","sticky":false,"template":"","format":"standard","meta":{"footnotes":""},"categories":[70,25],"tags":[],"class_list":["post-4316","post","type-post","status-publish","format-standard","hentry","category-activacion-creativa","category-convocatorias"],"_links":{"self":[{"href":"https:\/\/cultura.guanajuato.gob.mx\/index.php\/wp-json\/wp\/v2\/posts\/4316","targetHints":{"allow":["GET"]}}],"collection":[{"href":"https:\/\/cultura.guanajuato.gob.mx\/index.php\/wp-json\/wp\/v2\/posts"}],"about":[{"href":"https:\/\/cultura.guanajuato.gob.mx\/index.php\/wp-json\/wp\/v2\/types\/post"}],"author":[{"embeddable":true,"href":"https:\/\/cultura.guanajuato.gob.mx\/index.php\/wp-json\/wp\/v2\/users\/5"}],"replies":[{"embeddable":true,"href":"https:\/\/cultura.guanajuato.gob.mx\/index.php\/wp-json\/wp\/v2\/comments?post=4316"}],"version-history":[{"count":5,"href":"https:\/\/cultura.guanajuato.gob.mx\/index.php\/wp-json\/wp\/v2\/posts\/4316\/revisions"}],"predecessor-version":[{"id":4339,"href":"https:\/\/cultura.guanajuato.gob.mx\/index.php\/wp-json\/wp\/v2\/posts\/4316\/revisions\/4339"}],"wp:attachment":[{"href":"https:\/\/cultura.guanajuato.gob.mx\/index.php\/wp-json\/wp\/v2\/media?parent=4316"}],"wp:term":[{"taxonomy":"category","embeddable":true,"href":"https:\/\/cultura.guanajuato.gob.mx\/index.php\/wp-json\/wp\/v2\/categories?post=4316"},{"taxonomy":"post_tag","embeddable":true,"href":"https:\/\/cultura.guanajuato.gob.mx\/index.php\/wp-json\/wp\/v2\/tags?post=4316"}],"curies":[{"name":"wp","href":"https:\/\/api.w.org\/{rel}","templated":true}]}}