{"id":5567,"date":"2021-01-14T17:40:13","date_gmt":"2021-01-14T17:40:13","guid":{"rendered":"http:\/\/cultura.guanajuato.gob.mx\/?p=5567"},"modified":"2021-04-18T17:34:22","modified_gmt":"2021-04-18T17:34:22","slug":"museos-iec-recorridos-virtuales-invierno-2021","status":"publish","type":"post","link":"https:\/\/cultura.guanajuato.gob.mx\/index.php\/2021\/01\/14\/museos-iec-recorridos-virtuales-invierno-2021\/","title":{"rendered":"Museos IEC: Recorridos virtuales invierno 20\/21"},"content":{"rendered":"<p><a href=\"https:\/\/cultura.guanajuato.gob.mx\/index.php\/inicio\/slide_exposiciones\/\" rel=\"attachment wp-att-5828\"><img loading=\"lazy\" decoding=\"async\" class=\"size-full wp-image-5828 aligncenter\" src=\"https:\/\/cultura.guanajuato.gob.mx\/wp-content\/uploads\/2016\/09\/Slide_exposiciones.png\" alt=\"Slide_exposiciones\" width=\"780\" height=\"380\" srcset=\"https:\/\/cultura.guanajuato.gob.mx\/wp-content\/uploads\/2016\/09\/Slide_exposiciones.png 780w, https:\/\/cultura.guanajuato.gob.mx\/wp-content\/uploads\/2016\/09\/Slide_exposiciones-300x146.png 300w, https:\/\/cultura.guanajuato.gob.mx\/wp-content\/uploads\/2016\/09\/Slide_exposiciones-768x374.png 768w\" sizes=\"auto, (max-width: 780px) 100vw, 780px\" \/><\/a><\/p>\n<p><strong>CARTELERA DE EXPOSICIONES EN LOS MUSEOS IEC<\/strong><br \/>\n<strong>ABRIL-MAYO 2021<\/strong><\/p>\n<p>&nbsp;<\/p>\n<p>Pintura<br \/>\n<strong>Memoria de una \u00e9poca de cambio<\/strong><br \/>\n<strong>Manuel Felgu\u00e9rez<\/strong><br \/>\nMuseo Casa Diego Rivera<br \/>\nHasta el 11 de abril<\/p>\n<p>Manuel Felgu\u00e9rez fue un pintor, grabador y escultor abstracto, miembro activo del movimiento de ruptura, una generaci\u00f3n que confront\u00f3 al muralismo para cambiar el rumbo y la percepci\u00f3n del arte mexicano.<\/p>\n<p>Las obras exhibidas provienen del acervo del Museo de Arte Abstracto Manuel Felgu\u00e9rez de Zacatecas y reflejan su inter\u00e9s por la experimentaci\u00f3n geom\u00e9trica y el uso del color, elementos que caracterizan la autenticidad de su estilo.<\/p>\n<p>Adem\u00e1s de apreciar en ellas el perfil profesional de Felgu\u00e9rez, se podr\u00e1n conocer detalles de su vida personal, a trav\u00e9s de una memoria fotogr\u00e1fica que tambi\u00e9n ser\u00e1 expuesta. Estas im\u00e1genes situar\u00e1n al espectador en el contexto en el que se desarroll\u00f3 este reconocido artista; su cercan\u00eda con Mercedes Oteyza, Juan Garc\u00eda Ponce y su entra\u00f1able amigo Jorge Ibarg\u00fcengoitia, por mencionar algunas de las personas que lo acompa\u00f1aron a lo largo de su vida y prol\u00edfera carrera.<br \/>\n<a href=\"https:\/\/players.cupix.com\/p\/PKBY2cHw\" target=\"_blank\">Recorrido virtual 360\u00b0<\/a><\/p>\n<p>&nbsp;<\/p>\n<p>Gr\u00e1fica<br \/>\n<strong>VI Bienal Takeda<\/strong><br \/>\n<strong>Colectiva<\/strong><br \/>\nMuseo\u00a0del Pueblo<br \/>\nHasta el 11 de abril<\/p>\n<p>La Bienal Nacional de Artes Gr\u00e1ficas Shinzaburo Takeda se consolida como una de las mayores Bienales de Grabado en M\u00e9xico. En esta exhibici\u00f3n muestra la modernidad conceptual pl\u00e1stica y su innovaci\u00f3n desde la tradici\u00f3n nutrida de las t\u00e9cnicas que conllevan la estampa y el grabado nacional. Las estampas que aqu\u00ed se presentan son la selecci\u00f3n de cientos de trabajos, y su clasificaci\u00f3n fomenta la reflexi\u00f3n del estado actual y los horizontes futuros de la gr\u00e1fica nacional.<\/p>\n<p>Shinzaburo Takeda es un pintor nacido en Seto, Jap\u00f3n, que ha adoptado a Oaxaca como segunda naci\u00f3n y se ha dejado adoptar, tambi\u00e9n, por este estado mexicano multicultural. La observaci\u00f3n de las culturas ind\u00edgenas perme\u00f3 su esp\u00edritu y alcanz\u00f3 la simbiosis artista-Oaxaca que se expresa magistralmente en su vasta obra.<br \/>\n<a href=\"https:\/\/players.cupix.com\/p\/NQDW8Vto\" target=\"_blank\">Recorrido virtual 360\u00b0<\/a><\/p>\n<p>&nbsp;<\/p>\n<p>Escultura<br \/>\n<strong>Particiones<\/strong><br \/>\n<strong>Ana Quiroz<\/strong><br \/>\nMuseo Olga Costa \u2013 Jos\u00e9 Ch\u00e1vez Morado<br \/>\nHasta el 11 de abril<\/p>\n<p>Particiones es una lectura de dos producciones de Ana Quiroz, en ella se presenta un recuento de diversas esculturas e instalaciones elaboradas desde el 2010 y un cuerpo de obra m\u00e1s reciente que involucra una historia personal. Quiroz discute a trav\u00e9s de su obra problem\u00e1ticas sobre justicia social, desigualdad, abuso y medio ambiente, al mismo tiempo que interconecta sagazmente estas problem\u00e1ticas a las oscuras complejidades del deseo humano.<br \/>\n<a href=\"https:\/\/players.cupix.com\/p\/5AqNCAUf\" target=\"_blank\">Recorrido virtual 360\u00b0<\/a><\/p>\n<p>&nbsp;<\/p>\n<p>Fotograf\u00eda<br \/>\n<strong>Punto de partida. Acercamiento a la obra fotogr\u00e1fica de Manuel Leal<\/strong><br \/>\n<strong>Manuel Leal<\/strong><br \/>\nMuseo Dieguino (Guanajuato)<br \/>\nHasta el 13 de abril<br \/>\nMuseo Hermenegildo Bustos (Pur\u00edsima de Bustos)<br \/>\nHasta el 2 de mayo<\/p>\n<p>Adem\u00e1s de la extensa obra en caballete del artista Manuel Leal, existe una colecci\u00f3n de su incursi\u00f3n fotogr\u00e1fica, el artista guanajuatense, adem\u00e1s de la toma fotogr\u00e1fica, realizaba el proceso completo en su propio laboratorio, desgraciadamente se conocen pocas copias fotogr\u00e1ficas procesadas por su propia mano. La exposici\u00f3n Punto de partida es parte de este acervo. Entre las im\u00e1genes se encuentran escenas callejeras, paisajes urbanos, festividades populares y personajes sencillos de su natal Guanajuato; en un acercamiento l\u00fadico, el propio autor se retrata como uno m\u00e1s de sus personajes, posando con varios tipos de vestimenta formal de diversas \u00e9pocas.<br \/>\n<a href=\"https:\/\/players.cupix.com\/p\/oaY7JLT3\" target=\"_blank\">Recorrido virtual 360\u00b0<\/a><\/p>\n<p>&nbsp;<\/p>\n<p>Pintura<br \/>\n<span style=\"color: #0000ff;\"><strong>El hombre, eterno migrante<\/strong><\/span><br \/>\n<strong>Dana Aerenlund<\/strong><br \/>\nMuseo Casa Digoe Rivera<br \/>\nHasta el 18 de abril<\/p>\n<p>Esta exposici\u00f3n pone de manifiesto la situaci\u00f3n de los migrantes de nuestro tiempo a partir de una est\u00e9tica en donde la familia, los seres desprotegidos y la marginaci\u00f3n social est\u00e1n soportados en elementos figurativos y en las vivencias de la artista.<\/p>\n<p>Dana es una artista que, a trav\u00e9s de sus cuadros, denuncia lo que no puede permanecer mudo; los grandes formatos de su obra nos atrapan y nos hacen vivir junto a los personajes recreados con pinceladas libres, ambientes en donde el negro es un soporte evolvente que nos hace sentir la nostalgia y la rudeza de la p\u00e9rdida de valores del ser humano.<br \/>\n<a href=\"https:\/\/players.cupix.com\/p\/xoextVvD\" target=\"_blank\">Recorrido virtual\u00a0360\u00b0\u00a0<\/a><\/p>\n<p>&nbsp;<\/p>\n<p>&nbsp;<\/p>\n<p>Multidisciplina<br \/>\n<span style=\"color: #0000ff;\"><strong>Ma\u00edz nuestro de cada d\u00eda. Un di\u00e1logo entre el ayer y el hoy en torno al ma\u00edz<\/strong><\/span><br \/>\n<strong>Elizabeth Ross<\/strong><br \/>\nMuseo\u00a0del Pueblo<br \/>\nHasta el 18 de abril<\/p>\n<p>Esta exposici\u00f3n se enfoca en el ma\u00edz y su importancia fundacional en la cultura mexicana. Hemos puesto en di\u00e1logo piezas del acervo del Instituto Estatal de Cultura con obras contempor\u00e1neas para que, al conjuntar ambas, nos permita una interpretaci\u00f3n visual y simb\u00f3lica del ma\u00edz como elemento dador de vida e identidad de lo mexicano.<\/p>\n<p>La obra contempor\u00e1nea revisita, a partir de una iconograf\u00eda mesoamericana y elementos m\u00faltiples realizados en barro, la impronta que el teocintli, o ma\u00edz sagrado, mantiene en nuestra singularidad como naci\u00f3n. As\u00ed, el p\u00fablico podr\u00e1 reconocer y reconocerse en su identidad tanto dom\u00e9stica como cultural.<br \/>\n<a href=\"https:\/\/players.cupix.com\/p\/TrAjN3MM\" target=\"_blank\">Recorrido virtual 360\u00b0<\/a><\/p>\n<p>&nbsp;<\/p>\n<p>Escultura<br \/>\n<strong>Tzompantli de arte popular, imaginaci\u00f3n y dise\u00f1o<\/strong><br \/>\n<strong>Colectiva<\/strong><br \/>\nMuseo Jos\u00e9 y Tom\u00e1s Ch\u00e1vez Morado<br \/>\nHasta el 18 de abril<\/p>\n<p>La Galer\u00eda Yaw\u00ed de Arte Tradicional presenta una instalaci\u00f3n con elementos cl\u00e1sicos de la parafernalia mortuoria, resaltando las t\u00e9cnicas artesanales m\u00e1s destacadas en M\u00e9xico. La tem\u00e1tica gira en torno al trabajo de los talleres y artistas m\u00e1s reconocidos en cada ramo; Jacobo y Mar\u00eda \u00c1ngeles, taller Escudero, Casa de Talavera Celia y muchos otros exhiben sus piezas con un certificado que avala su procedencia. La exposici\u00f3n se basa en tres elementos: ofrendas con personajes tem\u00e1ticos representados con catrinas, el tzompantli mexica o muro de 54 cr\u00e1neos y una exhibici\u00f3n de arte popular mortuorio.<br \/>\n<a href=\"https:\/\/players.cupix.com\/p\/XgY2tXkU\" target=\"_blank\">Recorrido virtual 360\u00b0<\/a><\/p>\n<p>&nbsp;<\/p>\n<p>&nbsp;<\/p>\n<p>Fotograf\u00eda<br \/>\n<span style=\"color: #0000ff;\"><strong>Signos vitales: aflicciones de la remembranza<\/strong><\/span><br \/>\n<strong>Oweena Fogarty<\/strong><br \/>\nMuseo\u00a0Palacio de los Poderes<br \/>\nHasta el 25 de abril<\/p>\n<p>Oweena Camille Fogarty explora la deshumanizaci\u00f3n en cuerpos y espacios afectados por traumas colectivos producidos por contactos culturales violentos. Entre la fotograf\u00eda, el archivo y el montaje po\u00e9tico de objetos e im\u00e1genes, la obra de Fogarty transgrede lo m\u00e1s aciago de la memoria colectiva para apelar desde el arte a una sublimaci\u00f3n que, acaso, s\u00f3lo puede ser est\u00e9tica ante la imposibilidad de una restituci\u00f3n pol\u00edtica.<br \/>\n<a href=\"https:\/\/players.cupix.com\/p\/YopP3iq2\" target=\"_blank\">Recorrido virtual 360<\/a><\/p>\n<p>&nbsp;<\/p>\n<p>&nbsp;<\/p>\n<p>Gr\u00e1fica<br \/>\n<span style=\"color: #0000ff;\"><strong>Latinoam\u00e9rica a trav\u00e9s del cine. Colecci\u00f3n de cartel cubano<\/strong><\/span><br \/>\n<strong>Colectiva<\/strong><br \/>\nMuseo del Pueblo de Guanajuato<br \/>\nHasta el 2 de mayo<\/p>\n<p>Durante las d\u00e9cadas de los 70 y 80, los creadores cubanos, quienes siempre han sabido llevar a su obra una perspectiva anal\u00edtica de Am\u00e9rica Latina, se decantaron por coloridas composiciones serigr\u00e1ficas al momento de realizar publicidad cinematogr\u00e1fica. Esto, sumado a una fuerte carga social sirvi\u00f3, no solo para anunciar largometrajes y documentales, sino como declaraci\u00f3n est\u00e9tica.<\/p>\n<p>Esta muestra de 29 carteles es el testimonio de la evoluci\u00f3n del dise\u00f1o gr\u00e1fico a trav\u00e9s de m\u00e1s de cuatro d\u00e9cadas. Estas piezas plantean el principio de que lo pol\u00edtico no tiene que separarse del arte, algo que hoy es un recordatorio que no debemos desatender.<br \/>\n<a href=\"https:\/\/players.cupix.com\/p\/gSFsNsRN\" target=\"_blank\">Recorrido virtual 360\u00b0<\/a><\/p>\n<p>&nbsp;<\/p>\n<p>Fotograf\u00eda<br \/>\n<span style=\"color: #0000ff;\"><strong>La construcci\u00f3n del instante<\/strong><\/span><br \/>\n<strong>Flor Gardu\u00f1o<\/strong><br \/>\nMuseo Conde Rul<br \/>\nHasta el\u00a04 de julio<\/p>\n<p>El Instituto Estatal de la Cultura de Guanajuato, a trav\u00e9s del Museo Conde Rul, y el Banco Nacional de M\u00e9xico-Citibanamex, a trav\u00e9s de Fomento Cultural Banamex, A.C. tienen el orgullo de presentar la exposici\u00f3n Flor Gardu\u00f1o. La construcci\u00f3n del instante.<\/p>\n<p>Esta exposici\u00f3n sobre fotograf\u00eda construida, nos muestra a la Flor Gardu\u00f1o coleccionista de objetos (dientes humanos, bichos, conchas marinas, nidos de ave, etc.). En los noventas inici\u00f3 un viaje a trav\u00e9s de su cuarto para entremezclar en sus im\u00e1genes este extra\u00f1o repertorio de objetos, caracteriz\u00e1ndose principalmente por el rigor de oficio al imprimir, tanto en el cuarto oscuro como en el laboratorio digital. La exposici\u00f3n se acompa\u00f1a del libro Flor Gardu\u00f1o, en el que se exhiben buena parte de las im\u00e1genes seleccionadas por los editores franceses; asimismo, se presentan seis fotograf\u00edas en gran formato, algunas de ellas in\u00e9ditas.<br \/>\n<a href=\"https:\/\/players.cupix.com\/p\/1nu5BSFy\" target=\"_blank\">Recorrido virtual 360\u00b0<\/a><\/p>\n<p>&nbsp;<\/p>\n<p>&nbsp;<\/p>\n<p>Varias disciplinas<br \/>\n<span style=\"color: #0000ff;\"><strong>II Bienal Olga Costa de Pintura, Escultura, Dibujo y Grabado<\/strong><\/span><br \/>\n<strong>Colectiva<\/strong><br \/>\nMuseo de Arte Olga Costa &#8211; Jos\u00e9 Ch\u00e1vez Morado<br \/>\nApertura: 22 de abril<br \/>\nHasta el 19 de septiembre<\/p>\n<p>Exhibici\u00f3n con las m\u00e1s de 30 obras ganadoras y seleccionadas en la segunda edici\u00f3n de este certamen regional de artes pl\u00e1sticas en el que participaron autoras de la regi\u00f3n Centro-Occidente del pa\u00eds. La Bienal se reanuda tres d\u00e9cadas despu\u00e9s de su primera edici\u00f3n, organizada en 1988 por Jos\u00e9 Ch\u00e1vez Morado para conmemorar el aniversario luctuoso de Olga Costa.<\/p>\n<p>&nbsp;<\/p>\n<p>&nbsp;<\/p>\n","protected":false},"excerpt":{"rendered":"<p>CARTELERA DE EXPOSICIONES EN LOS MUSEOS IEC ABRIL-MAYO 2021 &nbsp; Pintura Memoria de una \u00e9poca de cambio Manuel Felgu\u00e9rez Museo Casa Diego Rivera Hasta el 11 de abril Manuel Felgu\u00e9rez [&hellip;]<\/p>\n","protected":false},"author":5,"featured_media":0,"comment_status":"closed","ping_status":"closed","sticky":false,"template":"","format":"standard","meta":{"footnotes":""},"categories":[72,15,112],"tags":[],"class_list":["post-5567","post","type-post","status-publish","format-standard","hentry","category-actividades-en-linea","category-cartelera-de-eventos","category-exposiciones"],"_links":{"self":[{"href":"https:\/\/cultura.guanajuato.gob.mx\/index.php\/wp-json\/wp\/v2\/posts\/5567","targetHints":{"allow":["GET"]}}],"collection":[{"href":"https:\/\/cultura.guanajuato.gob.mx\/index.php\/wp-json\/wp\/v2\/posts"}],"about":[{"href":"https:\/\/cultura.guanajuato.gob.mx\/index.php\/wp-json\/wp\/v2\/types\/post"}],"author":[{"embeddable":true,"href":"https:\/\/cultura.guanajuato.gob.mx\/index.php\/wp-json\/wp\/v2\/users\/5"}],"replies":[{"embeddable":true,"href":"https:\/\/cultura.guanajuato.gob.mx\/index.php\/wp-json\/wp\/v2\/comments?post=5567"}],"version-history":[{"count":8,"href":"https:\/\/cultura.guanajuato.gob.mx\/index.php\/wp-json\/wp\/v2\/posts\/5567\/revisions"}],"predecessor-version":[{"id":5870,"href":"https:\/\/cultura.guanajuato.gob.mx\/index.php\/wp-json\/wp\/v2\/posts\/5567\/revisions\/5870"}],"wp:attachment":[{"href":"https:\/\/cultura.guanajuato.gob.mx\/index.php\/wp-json\/wp\/v2\/media?parent=5567"}],"wp:term":[{"taxonomy":"category","embeddable":true,"href":"https:\/\/cultura.guanajuato.gob.mx\/index.php\/wp-json\/wp\/v2\/categories?post=5567"},{"taxonomy":"post_tag","embeddable":true,"href":"https:\/\/cultura.guanajuato.gob.mx\/index.php\/wp-json\/wp\/v2\/tags?post=5567"}],"curies":[{"name":"wp","href":"https:\/\/api.w.org\/{rel}","templated":true}]}}