{"id":5744,"date":"2021-03-16T00:50:46","date_gmt":"2021-03-16T00:50:46","guid":{"rendered":"http:\/\/cultura.guanajuato.gob.mx\/?p=5744"},"modified":"2021-03-16T00:50:46","modified_gmt":"2021-03-16T00:50:46","slug":"resultados-xii-muestra-de-artistas-guanajuatenses-muag","status":"publish","type":"post","link":"https:\/\/cultura.guanajuato.gob.mx\/index.php\/2021\/03\/16\/resultados-xii-muestra-de-artistas-guanajuatenses-muag\/","title":{"rendered":"Resultados XII Muestra de Artistas Guanajuatenses MUAG"},"content":{"rendered":"<p><a href=\"https:\/\/cultura.guanajuato.gob.mx\/index.php\/2021\/03\/16\/resultados-xii-muestra-de-artistas-guanajuatenses-muag\/resultados-muag_1024x640_\/\" rel=\"attachment wp-att-5745\"><img loading=\"lazy\" decoding=\"async\" class=\"alignnone size-large wp-image-5745\" src=\"https:\/\/cultura.guanajuato.gob.mx\/wp-content\/uploads\/2021\/03\/RESULTADOS-MUAG_1024x640_-1024x640.png\" alt=\"RESULTADOS-MUAG_1024x640_\" width=\"1024\" height=\"640\" srcset=\"https:\/\/cultura.guanajuato.gob.mx\/wp-content\/uploads\/2021\/03\/RESULTADOS-MUAG_1024x640_.png 1024w, https:\/\/cultura.guanajuato.gob.mx\/wp-content\/uploads\/2021\/03\/RESULTADOS-MUAG_1024x640_-300x188.png 300w, https:\/\/cultura.guanajuato.gob.mx\/wp-content\/uploads\/2021\/03\/RESULTADOS-MUAG_1024x640_-768x480.png 768w\" sizes=\"auto, (max-width: 1024px) 100vw, 1024px\" \/><\/a><\/p>\n<p>El Instituto Estatal de la Cultura da a conocer las artistas y obras seleccionadas para la XII Muestra de Artistas Guanajuatenses (MUAG), organizada en el marco del D\u00eda Internacional de la Mujer y en homenaje a la cr\u00edtica de arte Berta Taracena.<\/p>\n<p>El Comit\u00e9 seleccionador estuvo integrado por: Mar\u00eda del Carmen Aranda Mu\u00f1iz, Laura Rangel \u00abLoreta\u00bb (cofundadora del MUAG) y Mois\u00e9s Arg\u00fcello.<\/p>\n<p>Con las siguientes obras se integrar\u00e1 la exposici\u00f3n virtual que se podr\u00e1 consultar a partir del 23 de marzo a las 12:15 horas, momento en el que se dar\u00e1n a conocer las tres menciones honor\u00edficas convenidas por el Comit\u00e9.<\/p>\n<p>Los puntos considerados en la convocatoria para la selecci\u00f3n de las obras fueron: calidad integral de la obra, originalidad e innovaci\u00f3n de la propuesta, t\u00e9cnica, manejo del color y la forma, limpieza y propuesta conceptual.<\/p>\n<p><strong>Obras y piezas seleccionadas<\/strong><\/p>\n<p><strong>1.-Cuca Fern\u00e1ndez<\/strong><br \/>\nObra: Trozos de viento y marea<\/p>\n<p><strong>2.-\u00cdstina Rubalcava<\/strong><br \/>\nObra: Viaje Sideral<\/p>\n<p><strong>3.-Paulina Garza Carbajal<\/strong><br \/>\nObra: Esperanza<\/p>\n<p><strong>4.-Yolanda Alicia Rub\u00edn Su\u00e1rez<\/strong><br \/>\nObra: Al otro lado de la puerta<\/p>\n<p><strong>5.-Mariana Cu\u00e9llar Mart\u00ednez<\/strong><br \/>\nObra: La visita<\/p>\n<p><strong>6.-Ana Luc\u00eda Azcu\u00e9 Mar\u00edn<\/strong><br \/>\nObra: Simbiontes<\/p>\n<p><strong>7.-Norma Carmona<\/strong><br \/>\nObra: Y sigue de pie<\/p>\n<p><strong>8.-Cintli Canul Damas<\/strong><br \/>\nObra: Entramado de amor al amanecer<\/p>\n<p><strong>9.-Alma Rosa Mireles V\u00e9lez<\/strong><br \/>\nObra: Enso\u00f1aci\u00f3n<\/p>\n<p><strong>10.-Tanya Gonz\u00e1lez<\/strong><br \/>\nObra: Gracias por tus cartas<\/p>\n<p><strong>11.-Estela Pacheco Olvera<\/strong><br \/>\nObra:Tiempos de pandemia<\/p>\n<p><strong>12.-Leslye Andrea Rodr\u00edguez Ortiz<\/strong><br \/>\nObra: Mi tormenta<\/p>\n<p><strong>13.-Eugenia Yllades<\/strong><br \/>\nObra: Vuelo de la transparencia<\/p>\n<p><strong>14.-Alejandra Urra Cay\u00f3n<\/strong><br \/>\nObra: Convivencia natura; resultado de volver al origen<\/p>\n<p><strong>15.-Catalina Gris<\/strong><br \/>\nObra: Amarillo<\/p>\n<p><strong>16.-Judith Jenya<\/strong><br \/>\nObra: Hojas ca\u00eddas, oto\u00f1o temprano, la vida continua.<\/p>\n<p><strong>17.-Dulce Mar\u00eda Hern\u00e1ndez Renter\u00eda<\/strong><br \/>\nObra: Te veo<\/p>\n<p><strong>18.-Mar\u00eda del Carmen El\u00edas Urdapilleta<\/strong><br \/>\nObra: Tan lejos, tan cerca<\/p>\n<p><strong>19.-Mar\u00eda Elena Quintino G\u00f3mez<\/strong><br \/>\nObra: No me desped\u00ed<\/p>\n<p><strong>20.-Dafne Valdivia<\/strong><br \/>\nObra: Malas compa\u00f1ias<\/p>\n<p><strong>21.-Berenice Gasca<\/strong><br \/>\nObra: Dualidades<\/p>\n<p><strong>22.-Connie Georgina De la Garma<\/strong><br \/>\nObra: El ave sin cabeza<\/p>\n<p><strong>23.-Claire Michel Niehus<\/strong><br \/>\nObra: I\u00b4m here<\/p>\n<p><strong>24.-Marcela Santa Mar\u00eda Gonz\u00e1lez<\/strong><br \/>\nObra: Mujer Trigue\u00f1a<\/p>\n<p><strong>25.-Mar\u00eda Guadalupe Garc\u00eda Villase\u00f1or<\/strong><br \/>\nObra: La mujer que equilibra<\/p>\n<p><strong>26.-Sahara A. Ram\u00edrez Dom\u00ednguez<\/strong><br \/>\nObra: Recordando mis querencias<\/p>\n<p><strong>27.-Sandra Ruth L\u00f3pez D\u00e1vila<\/strong><br \/>\nObra: Resuello<\/p>\n<p><strong>28.-Lineth Guti\u00e9rrez \u00c1valos<\/strong><br \/>\nObra: A trav\u00e9s de las p\u00e1ginas<\/p>\n<p><strong>29.-Carolina Zurita Navarrete<\/strong><br \/>\nObra: Camino sin regreso<\/p>\n","protected":false},"excerpt":{"rendered":"<p>El Instituto Estatal de la Cultura da a conocer las artistas y obras seleccionadas para la XII Muestra de Artistas Guanajuatenses (MUAG), organizada en el marco del D\u00eda Internacional de [&hellip;]<\/p>\n","protected":false},"author":5,"featured_media":0,"comment_status":"closed","ping_status":"closed","sticky":false,"template":"","format":"standard","meta":{"footnotes":""},"categories":[25,59],"tags":[140,123,141],"class_list":["post-5744","post","type-post","status-publish","format-standard","hentry","category-convocatorias","category-resultados","tag-muag","tag-pintura","tag-seleccionadas"],"_links":{"self":[{"href":"https:\/\/cultura.guanajuato.gob.mx\/index.php\/wp-json\/wp\/v2\/posts\/5744","targetHints":{"allow":["GET"]}}],"collection":[{"href":"https:\/\/cultura.guanajuato.gob.mx\/index.php\/wp-json\/wp\/v2\/posts"}],"about":[{"href":"https:\/\/cultura.guanajuato.gob.mx\/index.php\/wp-json\/wp\/v2\/types\/post"}],"author":[{"embeddable":true,"href":"https:\/\/cultura.guanajuato.gob.mx\/index.php\/wp-json\/wp\/v2\/users\/5"}],"replies":[{"embeddable":true,"href":"https:\/\/cultura.guanajuato.gob.mx\/index.php\/wp-json\/wp\/v2\/comments?post=5744"}],"version-history":[{"count":2,"href":"https:\/\/cultura.guanajuato.gob.mx\/index.php\/wp-json\/wp\/v2\/posts\/5744\/revisions"}],"predecessor-version":[{"id":5747,"href":"https:\/\/cultura.guanajuato.gob.mx\/index.php\/wp-json\/wp\/v2\/posts\/5744\/revisions\/5747"}],"wp:attachment":[{"href":"https:\/\/cultura.guanajuato.gob.mx\/index.php\/wp-json\/wp\/v2\/media?parent=5744"}],"wp:term":[{"taxonomy":"category","embeddable":true,"href":"https:\/\/cultura.guanajuato.gob.mx\/index.php\/wp-json\/wp\/v2\/categories?post=5744"},{"taxonomy":"post_tag","embeddable":true,"href":"https:\/\/cultura.guanajuato.gob.mx\/index.php\/wp-json\/wp\/v2\/tags?post=5744"}],"curies":[{"name":"wp","href":"https:\/\/api.w.org\/{rel}","templated":true}]}}