{"id":6737,"date":"2021-12-12T00:26:49","date_gmt":"2021-12-12T00:26:49","guid":{"rendered":"https:\/\/cultura.guanajuato.gob.mx\/?p=6737"},"modified":"2021-12-12T00:26:49","modified_gmt":"2021-12-12T00:26:49","slug":"programa-de-mano-bafug-las-fiestas-de-mexico","status":"publish","type":"post","link":"https:\/\/cultura.guanajuato.gob.mx\/index.php\/2021\/12\/12\/programa-de-mano-bafug-las-fiestas-de-mexico\/","title":{"rendered":"Programa de mano BAFUG: Las fiestas de M\u00e9xico"},"content":{"rendered":"<p><a href=\"https:\/\/cultura.guanajuato.gob.mx\/index.php\/2021\/12\/12\/programa-de-mano-bafug-las-fiestas-de-mexico\/eventofb_bafug_11-dic\/\" rel=\"attachment wp-att-6738\"><img loading=\"lazy\" decoding=\"async\" class=\"size-full wp-image-6738 aligncenter\" src=\"https:\/\/cultura.guanajuato.gob.mx\/wp-content\/uploads\/2021\/12\/EventoFB_BAFUG_11-DIC.png\" alt=\"\" width=\"887\" height=\"470\" srcset=\"https:\/\/cultura.guanajuato.gob.mx\/wp-content\/uploads\/2021\/12\/EventoFB_BAFUG_11-DIC.png 887w, https:\/\/cultura.guanajuato.gob.mx\/wp-content\/uploads\/2021\/12\/EventoFB_BAFUG_11-DIC-300x159.png 300w, https:\/\/cultura.guanajuato.gob.mx\/wp-content\/uploads\/2021\/12\/EventoFB_BAFUG_11-DIC-768x407.png 768w\" sizes=\"auto, (max-width: 887px) 100vw, 887px\" \/><\/a><\/p>\n<p><strong>Las Fiestas de M\u00e9xico, una herencia cultural<\/strong><br \/>\n<strong>Ballet Folkl\u00f3rico de la Universidad de Universidad de Guanajuato<\/strong><br \/>\nDir. Roberto Mart\u00ednez<\/p>\n<p>S\u00e1bado 11 de diciembre, 19:00 horas<br \/>\nTeatro Ju\u00e1rez<\/p>\n<p>Las fiestas en M\u00e9xico son el reflejo de la rica herencia cultural prehisp\u00e1nica y el fervor religioso impuesto por el colonialismo espa\u00f1ol. En ellas se palpan los sentimientos m\u00e1s profundos del pueblo mexicano y el valor social que cada regi\u00f3n le otorga.<\/p>\n<p>Las fiestas son un sost\u00e9n de la estructura social, han contribuido a evitar la p\u00e9rdida de identidad, de los valores tradicionales y la desintegraci\u00f3n comunitaria, en su organizaci\u00f3n participan todos los sectores sociales, cada uno de ellos en el rol que le asign\u00f3 la comunidad.<\/p>\n<p>M\u00e9xico es un pa\u00eds alegre, lo que se ve reflejado en el calendario festivo, el cual registra m\u00e1s de 5,000 fiestas anuales en todo el pa\u00eds, en los festejos se encuentran las fiestas c\u00edvicas, en donde conmemoramos eventos hist\u00f3ricos como la independencia, una batalla ganada o el nacimiento de un conciudadano distinguido.<br \/>\nLas fiestas mexicanas tambi\u00e9n reflejan el y representan el mestizaje, mezcla de ind\u00edgenas y espa\u00f1oles, no s\u00f3lo de comidas y vocabulario, sino tambi\u00e9n de creencias.<\/p>\n<p>*Fiesta de los Reyes Magos.<br \/>\n*La Semana Santa.<br \/>\n*La Fiesta de la Santa Cruz.<br \/>\n*Fiesta de la Vendimia.<br \/>\n*Las Fiestas Patrias.<br \/>\n*La Noche de D\u00eda de Muertos.<br \/>\n*La Guadalupana.<br \/>\n*Navidades Mexicanas.<br \/>\n*Topada de A\u00f1o Nuevo.<\/p>\n<p><strong>DIRECTORIO<\/strong><\/p>\n<p><strong>UNIVERSIDAD DE GUANAJUATO<\/strong><br \/>\nDr. Luis Felipe Guerrero Agripino<br \/>\nRector General<\/p>\n<p>Dra. Cecilia Ramos Estrada<br \/>\nSecretaria General<\/p>\n<p>Dr. Sergio Antonio Silva Mu\u00f1oz<br \/>\nSecretario Acad\u00e9mico<\/p>\n<p>Dr. Salvador Hern\u00e1ndez Castro<br \/>\nSecretario de Gesti\u00f3n y Desarrollo<\/p>\n<p>Mtro. Jos\u00e9 Osvaldo Ch\u00e1vez Rodr\u00edguez<br \/>\nDirector de Extensi\u00f3n Cultural<\/p>\n<p><strong>BALLET FOLKL\u00d3RICO DE LA UNIVERSIDAD DE GUANAJUATO<\/strong><br \/>\nCoreograf\u00eda y Direcci\u00f3n General<br \/>\nMtro. Roberto Mart\u00ednez Rocha<\/p>\n<p><strong>Primer Elenco<\/strong><br \/>\nAnah\u00ed Serratos Rivera<br \/>\nAldo Hip\u00f3lito Cano Romero<br \/>\nAurora Isabel Mej\u00eda de Santiago<br \/>\nAlejandro Cordero V\u00e1zquez<br \/>\nAzucena del Carmen Maldonado Ram\u00edrez<br \/>\nAntonio de Jes\u00fas Espinosa Balderas<br \/>\nCynthia Guadalupe Anguiano Medina<br \/>\nCarlos Eduardo Alamea Espinosa<br \/>\nDaniela Ameyalli Flores Estrada<br \/>\nChristian Romario Efr\u00e9n Ju\u00e1rez Estrada<br \/>\nFrida Mariana Mart\u00ednez Coss<br \/>\nDavid Armando Garnica Rivera<br \/>\nLaura Berenice Mart\u00ednez L\u00f3pez<br \/>\nDiego Alberto Garc\u00eda Delgado<br \/>\nNayeli Cytlali Hern\u00e1ndez Garc\u00eda<br \/>\nEduardo \u00c1ngel Velasco<br \/>\nPaulina Itzel Torres Ordaz<br \/>\nEnrique Ra\u00fal Flores Olmos<br \/>\nRosa Isela Aguascalientes Jaime<br \/>\nJairo Eduardo Hern\u00e1ndez Ram\u00edrez<br \/>\nSandra Karel V\u00e1zquez Corona<br \/>\nJos\u00e9 Antonio Torres Mart\u00ednez<br \/>\nValentina Judea Lara Stephens<br \/>\nJuan Alonso Rocha Valadez<br \/>\nValeria Paola Caudillo Regalado<br \/>\nLuis Rodrigo Ram\u00edrez Delgado<br \/>\nMarco Andr\u00e9s Cuevas Blancarte<br \/>\nOmar Alejandro Arias Gonz\u00e1lez<br \/>\nOmar Sebasti\u00e1n S\u00e1nchez Hern\u00e1ndez<br \/>\nPrimo Lara Stephens<br \/>\nRicardo Salvador Ram\u00edrez Luna<br \/>\nZalvador Mendoza V\u00e9lez<\/p>\n<p><strong>Segundo Elenco<\/strong><br \/>\nArely Guadalupe L\u00f3pez Ramos<br \/>\nCarlos Donaldo Morales Luna<br \/>\nAyl\u00edn Guadalupe Guti\u00e9rrez Barrientos<br \/>\nCarlos Gerardo Gonz\u00e1lez Padr\u00f3n<br \/>\nBlanca Margarita Gonz\u00e1lez Galindo<br \/>\nAldo Sa\u00fal Rodr\u00edguez Aguilera<br \/>\nJulio Ernesto S\u00e1nchez Hern\u00e1ndez<br \/>\nCarmen Patricia Mart\u00ednez Baca<br \/>\nRa\u00fal Ram\u00edrez Castro<br \/>\nCelia Betzabeth de Santiago Silva<br \/>\nCristian Edgardo Hern\u00e1ndez Preciado<br \/>\nClaudia Alondra Murrieta Casillas<br \/>\nIv\u00e1n Alejandro Barroso P\u00e9rez<br \/>\nCinthia Jazm\u00edn Torres V\u00e9lez<br \/>\nLuis Andr\u00e9s Rodr\u00edguez Urbina<br \/>\nFernanda Charleen Rosas D\u00edaz<br \/>\nDaniel V\u00e1zquez Mu\u00f1oz<br \/>\nFrida Daniela Ram\u00edrez Luna<br \/>\nJeremy Ambriz V\u00e1zquez<br \/>\nIyari Guadalupe N\u00fa\u00f1ez Castillo<br \/>\nJos\u00e9 Carlos Arellano Garc\u00eda<br \/>\nJessica Edith Almanza Aranda<br \/>\nLuis Alejandro Ram\u00edrez Delgado<br \/>\nJuly Sujami Rodr\u00edguez Estaraneta<br \/>\nMiguel \u00c1ngel Villegas Vargas<br \/>\nLuz Elena Torres P\u00e9rez<br \/>\nSebasti\u00e1n Gonz\u00e1lez Olmos<br \/>\nMar\u00eda Azucena Camargo Ram\u00edrez<br \/>\nV\u00edctor Aldebraham Aguirre Lara<br \/>\nMar\u00eda de Lourdes Rodr\u00edguez Campos<br \/>\nMariana Cort\u00e9s Bonilla<br \/>\nNallely Alejandra Aguirre Romero<br \/>\nNatalia G\u00f3mez Far\u00edas B\u00e1ez<br \/>\nNathali Esmeralda Rodr\u00edguez Mart\u00ednez<br \/>\nPatricia V\u00e1zquez Y\u00e9pez<br \/>\nPerla Rub\u00ed Olmos Ju\u00e1rez<br \/>\nRebeca L\u00f3pez \u00c1vila<br \/>\nSof\u00eda G\u00f3mez Far\u00edas B\u00e1ez<br \/>\nYadira Virginia Caudillo Regalado<br \/>\nNatalia Lawers Azuela Andr\u00e9s Ram\u00edrez Reyes<br \/>\nCarlos Altair Salazar Gonz\u00e1lez<br \/>\nIan Owen Macuil Oliva<\/p>\n<p>Subdirector art\u00edstico<br \/>\nAlejandro Cordero V\u00e1zquez<\/p>\n<p>Jefa de Foro<br \/>\nEmelia Hern\u00e1ndez Ochoa<\/p>\n<p>Dise\u00f1o y Confecci\u00f3n de Vestuario<br \/>\nAlfredo Mart\u00ednez Barrientos<br \/>\nRoberto Mart\u00ednez Rocha<br \/>\nJorge Campos Espino<\/p>\n<p>Coordinaci\u00f3n de Vestuario<br \/>\nMinerva Lara Ram\u00edrez<br \/>\nMa. Roc\u00edo Santoyo S\u00e1nchez<br \/>\nRosa Isela Aguascalientes Jaime<\/p>\n<p>Coordinaci\u00f3n de Utiler\u00eda<br \/>\nDiego Alberto Garc\u00eda Delgado<br \/>\nCristian Edgardo Hern\u00e1ndez Preciado<\/p>\n<p>Coordinaci\u00f3n de Escenograf\u00eda<br \/>\nJuan Alonso Rocha Valadez<br \/>\nCarlos Eduardo Alamea Espinosa<\/p>\n<p>Asistente<br \/>\nJosefina Lara Ram\u00edrez<\/p>\n<p>Maquillista<br \/>\nPatricia Figueroa Soria<\/p>\n<p>T\u00e9cnica Afro-Contempor\u00e1nea<br \/>\nTekbo-Agbo Kangni Woatodjo<\/p>\n<p><strong>DIRECCI\u00d3N DE EXTENSI\u00d3N CULTURAL<\/strong><br \/>\nChris Celeste Cuello Vargas<br \/>\nCoordinaci\u00f3n de Talento Art\u00edstico, Planeaci\u00f3n y Programaci\u00f3n de Arte y Cultura<\/p>\n<p>Miguel \u00c1ngel Mata Castro<br \/>\nCoordinaci\u00f3n de Divulgaci\u00f3n y Proyectos Culturales<\/p>\n<p>Indra Samantha Miguel Rold\u00e1n<br \/>\nCoordinaci\u00f3n Administrativa<\/p>\n<p>Luis Adri\u00e1n Santana Florencio<br \/>\nCoordinaci\u00f3n de Grupos y Talleres Art\u00edsticos<\/p>\n<p>&nbsp;<\/p>\n<p>&nbsp;<\/p>\n<p>&nbsp;<\/p>\n<p>&nbsp;<\/p>\n<p>&nbsp;<\/p>\n","protected":false},"excerpt":{"rendered":"<p>Las Fiestas de M\u00e9xico, una herencia cultural Ballet Folkl\u00f3rico de la Universidad de Universidad de Guanajuato Dir. Roberto Mart\u00ednez S\u00e1bado 11 de diciembre, 19:00 horas Teatro Ju\u00e1rez Las fiestas en [&hellip;]<\/p>\n","protected":false},"author":5,"featured_media":0,"comment_status":"closed","ping_status":"closed","sticky":false,"template":"","format":"standard","meta":{"footnotes":""},"categories":[84],"tags":[],"class_list":["post-6737","post","type-post","status-publish","format-standard","hentry","category-programa-de-mano"],"_links":{"self":[{"href":"https:\/\/cultura.guanajuato.gob.mx\/index.php\/wp-json\/wp\/v2\/posts\/6737","targetHints":{"allow":["GET"]}}],"collection":[{"href":"https:\/\/cultura.guanajuato.gob.mx\/index.php\/wp-json\/wp\/v2\/posts"}],"about":[{"href":"https:\/\/cultura.guanajuato.gob.mx\/index.php\/wp-json\/wp\/v2\/types\/post"}],"author":[{"embeddable":true,"href":"https:\/\/cultura.guanajuato.gob.mx\/index.php\/wp-json\/wp\/v2\/users\/5"}],"replies":[{"embeddable":true,"href":"https:\/\/cultura.guanajuato.gob.mx\/index.php\/wp-json\/wp\/v2\/comments?post=6737"}],"version-history":[{"count":2,"href":"https:\/\/cultura.guanajuato.gob.mx\/index.php\/wp-json\/wp\/v2\/posts\/6737\/revisions"}],"predecessor-version":[{"id":6740,"href":"https:\/\/cultura.guanajuato.gob.mx\/index.php\/wp-json\/wp\/v2\/posts\/6737\/revisions\/6740"}],"wp:attachment":[{"href":"https:\/\/cultura.guanajuato.gob.mx\/index.php\/wp-json\/wp\/v2\/media?parent=6737"}],"wp:term":[{"taxonomy":"category","embeddable":true,"href":"https:\/\/cultura.guanajuato.gob.mx\/index.php\/wp-json\/wp\/v2\/categories?post=6737"},{"taxonomy":"post_tag","embeddable":true,"href":"https:\/\/cultura.guanajuato.gob.mx\/index.php\/wp-json\/wp\/v2\/tags?post=6737"}],"curies":[{"name":"wp","href":"https:\/\/api.w.org\/{rel}","templated":true}]}}