{"id":7022,"date":"2022-02-26T21:43:57","date_gmt":"2022-02-26T21:43:57","guid":{"rendered":"https:\/\/cultura.guanajuato.gob.mx\/?p=7022"},"modified":"2022-03-18T18:06:07","modified_gmt":"2022-03-18T18:06:07","slug":"convocatoria-acercarte-2022","status":"publish","type":"post","link":"https:\/\/cultura.guanajuato.gob.mx\/index.php\/2022\/02\/26\/convocatoria-acercarte-2022\/","title":{"rendered":"Convocatoria Acercarte 2022"},"content":{"rendered":"<p><a href=\"https:\/\/cultura.guanajuato.gob.mx\/index.php\/2022\/02\/26\/convocatoria-acercarte-2022\/slide_acercarte_2022\/\" rel=\"attachment wp-att-7023\"><img loading=\"lazy\" decoding=\"async\" class=\"size-full wp-image-7023 aligncenter\" src=\"https:\/\/cultura.guanajuato.gob.mx\/wp-content\/uploads\/2022\/02\/Slide_Acercarte_2022.png\" alt=\"\" width=\"780\" height=\"380\" srcset=\"https:\/\/cultura.guanajuato.gob.mx\/wp-content\/uploads\/2022\/02\/Slide_Acercarte_2022.png 780w, https:\/\/cultura.guanajuato.gob.mx\/wp-content\/uploads\/2022\/02\/Slide_Acercarte_2022-300x146.png 300w, https:\/\/cultura.guanajuato.gob.mx\/wp-content\/uploads\/2022\/02\/Slide_Acercarte_2022-768x374.png 768w\" sizes=\"auto, (max-width: 780px) 100vw, 780px\" \/><\/a><\/p>\n<p>El Gobierno del Estado de Guanajuato, a trav\u00e9s del Instituto Estatal de la Cultura, convoca a creadores, ejecutantes, directores, grupos y compa\u00f1\u00edas art\u00edsticas de Guanajuato a participar en el programa de difusi\u00f3n art\u00edstica<strong> Acercarte<\/strong>, que se realizar\u00e1 a lo largo del a\u00f1o en municipios y recintos operados por el IEC.<\/p>\n<p><a href=\"https:\/\/cultura.guanajuato.gob.mx\/wp-content\/uploads\/2022\/02\/Convocatoria-Acercarte-2022.pdf\" target=\"_blank\" rel=\"noopener\">Descarga aqu\u00ed la convocatoria en PDF<\/a><\/p>\n<p>Se recibir\u00e1n propuestas esc\u00e9nicas en todas sus disciplinas y formatos, considerando especialmente todas aquellas que aporten a la recuperaci\u00f3n de espacios p\u00fablicos o habiten el uso de foros culturales en beneficio de grupos vulnerables.<\/p>\n<p>Los interesados deber\u00e1n registrar su proyecto a trav\u00e9s del formulario digital publicado en: <a href=\"http:\/\/bit.ly\/for22acercar\" target=\"_blank\" rel=\"noopener\">http:\/\/bit.ly\/for22acercar<\/a> cumpliendo con todos los requisitos especificados en el mismo:<\/p>\n<p>1.-Datos generales<br \/>\n2.-Informaci\u00f3n del espect\u00e1culo<br \/>\n3.-Informaci\u00f3n t\u00e9cnica<br \/>\n4.-Informaci\u00f3n para contrataci\u00f3n<\/p>\n<p>El periodo de registro y carga en l\u00ednea estar\u00e1 abierto a partir de la publicaci\u00f3n de la presente y hasta las 12:00 horas del <strong>18 de marzo de 2022<\/strong>.<\/p>\n<p>Los proyectos ser\u00e1n seleccionados por un comit\u00e9 evaluador y la Direcci\u00f3n de Difusi\u00f3n Art\u00edstica del Instituto para integrarse al repositorio de creadores guanajuatenses, que ser\u00e1 base para la programaci\u00f3n correspondiente al a\u00f1o 2022. La convocatoria no contempla publicaci\u00f3n de resultados.<\/p>\n<p>Cualquier asunto no previsto en la presente convocatoria ser\u00e1 resuelto por el comit\u00e9 evaluador y la Direcci\u00f3n de Difusi\u00f3n Art\u00edstica.<\/p>\n<p>Los datos personales proporcionados por los participantes quedan resguardados y protegidos en t\u00e9rminos de Ley. El aviso de privacidad del Instituto Estatal de la Cultura est\u00e1 disponible en <a href=\"https:\/\/bit.ly\/iecprivacidad\" target=\"_blank\" rel=\"noopener\">https:\/\/bit.ly\/iecprivacidad<\/a><\/p>\n<p><strong>Mayores informes:<\/strong><br \/>\n<strong>Instituto Estatal de la Cultura<\/strong><br \/>\nDirecci\u00f3n de Difusi\u00f3n Art\u00edstica<br \/>\nCallej\u00f3n de la Condesa 8, Centro<br \/>\n36000 Guanajuato, Gto.<br \/>\nTel. 473 102 2700 ext. 133 y 104<br \/>\n<a href=\"mailto:knilo@guanajuato.gob.mx\" target=\"_blank\" rel=\"noopener\">knilo@guanajuato.gob.mx<\/a><\/p>\n","protected":false},"excerpt":{"rendered":"<p>El Gobierno del Estado de Guanajuato, a trav\u00e9s del Instituto Estatal de la Cultura, convoca a creadores, ejecutantes, directores, grupos y compa\u00f1\u00edas art\u00edsticas de Guanajuato a participar en el programa [&hellip;]<\/p>\n","protected":false},"author":5,"featured_media":7024,"comment_status":"closed","ping_status":"closed","sticky":false,"template":"","format":"standard","meta":{"footnotes":""},"categories":[25],"tags":[214,131,26,34],"class_list":["post-7022","post","type-post","status-publish","format-standard","hentry","category-convocatorias","tag-acercarte","tag-artistas","tag-convocatoria","tag-guanajuato"],"_links":{"self":[{"href":"https:\/\/cultura.guanajuato.gob.mx\/index.php\/wp-json\/wp\/v2\/posts\/7022","targetHints":{"allow":["GET"]}}],"collection":[{"href":"https:\/\/cultura.guanajuato.gob.mx\/index.php\/wp-json\/wp\/v2\/posts"}],"about":[{"href":"https:\/\/cultura.guanajuato.gob.mx\/index.php\/wp-json\/wp\/v2\/types\/post"}],"author":[{"embeddable":true,"href":"https:\/\/cultura.guanajuato.gob.mx\/index.php\/wp-json\/wp\/v2\/users\/5"}],"replies":[{"embeddable":true,"href":"https:\/\/cultura.guanajuato.gob.mx\/index.php\/wp-json\/wp\/v2\/comments?post=7022"}],"version-history":[{"count":3,"href":"https:\/\/cultura.guanajuato.gob.mx\/index.php\/wp-json\/wp\/v2\/posts\/7022\/revisions"}],"predecessor-version":[{"id":7061,"href":"https:\/\/cultura.guanajuato.gob.mx\/index.php\/wp-json\/wp\/v2\/posts\/7022\/revisions\/7061"}],"wp:featuredmedia":[{"embeddable":true,"href":"https:\/\/cultura.guanajuato.gob.mx\/index.php\/wp-json\/wp\/v2\/media\/7024"}],"wp:attachment":[{"href":"https:\/\/cultura.guanajuato.gob.mx\/index.php\/wp-json\/wp\/v2\/media?parent=7022"}],"wp:term":[{"taxonomy":"category","embeddable":true,"href":"https:\/\/cultura.guanajuato.gob.mx\/index.php\/wp-json\/wp\/v2\/categories?post=7022"},{"taxonomy":"post_tag","embeddable":true,"href":"https:\/\/cultura.guanajuato.gob.mx\/index.php\/wp-json\/wp\/v2\/tags?post=7022"}],"curies":[{"name":"wp","href":"https:\/\/api.w.org\/{rel}","templated":true}]}}