{"id":7082,"date":"2022-03-17T21:33:39","date_gmt":"2022-03-17T21:33:39","guid":{"rendered":"https:\/\/cultura.guanajuato.gob.mx\/?p=7082"},"modified":"2022-03-17T21:33:39","modified_gmt":"2022-03-17T21:33:39","slug":"programa-de-mano-alberto-cruzprieto","status":"publish","type":"post","link":"https:\/\/cultura.guanajuato.gob.mx\/index.php\/2022\/03\/17\/programa-de-mano-alberto-cruzprieto\/","title":{"rendered":"Programa de Mano Alberto Cruzprieto"},"content":{"rendered":"<p><a href=\"https:\/\/cultura.guanajuato.gob.mx\/index.php\/2022\/03\/17\/programa-de-mano-alberto-cruzprieto\/evento-fb_recital-de-piano_alberto\/\" rel=\"attachment wp-att-7083\"><img loading=\"lazy\" decoding=\"async\" class=\"size-full wp-image-7083 aligncenter\" src=\"https:\/\/cultura.guanajuato.gob.mx\/wp-content\/uploads\/2022\/03\/Evento-Fb_Recital-de-piano_Alberto.png\" alt=\"\" width=\"887\" height=\"470\" srcset=\"https:\/\/cultura.guanajuato.gob.mx\/wp-content\/uploads\/2022\/03\/Evento-Fb_Recital-de-piano_Alberto.png 887w, https:\/\/cultura.guanajuato.gob.mx\/wp-content\/uploads\/2022\/03\/Evento-Fb_Recital-de-piano_Alberto-300x159.png 300w, https:\/\/cultura.guanajuato.gob.mx\/wp-content\/uploads\/2022\/03\/Evento-Fb_Recital-de-piano_Alberto-768x407.png 768w\" sizes=\"auto, (max-width: 887px) 100vw, 887px\" \/><\/a><\/p>\n<p><strong>Ciclo de piano<\/strong><br \/>\n<strong>Alberto Cruzprieto<\/strong><br \/>\nHarmonies du soir<\/p>\n<p><strong>Teatro Cervantes<\/strong><br \/>\n<strong>24 de marzo, 19:00 h<\/strong><\/p>\n<p><strong>Alberto Cruzprieto<\/strong><br \/>\nHa presentado recitales en M\u00e9xico, Finlandia, Alemania, Egipto, Irlanda, Holanda, Reino Unido, Francia, Estados Unidos, Canad\u00e1, Polonia, B\u00e9lgica, Hungr\u00eda, Colombia, Espa\u00f1a, El Salvador y Austria. Realiz\u00f3 sus estudios en la Escuela Superior de M\u00fasica bajo la gu\u00eda de Jos\u00e9 Arceo J\u00e1come. Particip\u00f3 en la Expo Internacional de Sevilla y el Festival Europalia en Bruselas, entre otros eventos.<\/p>\n<p>Su discograf\u00eda est\u00e1 integrada por 45 discos entre ellos The Man I Love, Nocturnos de Chopin, Bleu, Ponce y sus contempor\u00e1neos, Im\u00e1genes mexicanas para piano, D\u00e9co, Concierto para piano y alientos de Stravinsky, Valses mexicanos 1900, Canciones arcaicas y Gauguin, nominado al Grammy Latino 2001. Pertenece al grupo Concertistas de Bellas Artes.<\/p>\n<p><strong>Programa<\/strong><\/p>\n<p><strong>Pr\u00e9lude, fugue et variation Op.18<\/strong><br \/>\nC\u00e9sar Franck (1822-1890)<br \/>\nTranscripci\u00f3n: Harold Bauer<\/p>\n<p><strong>Spozalizio<\/strong><br \/>\nFranz Liszt (1811-1886)<\/p>\n<p><strong>Deux arabesques<\/strong><br \/>\nClaude Debussy (1862-1918)<\/p>\n<p><strong>Au bord d&#8217;une source<\/strong><br \/>\nFranz Liszt<\/p>\n<p><strong>La cath\u00e9drale engloutie<\/strong><br \/>\nClaude Debussy<\/p>\n<p>Intermedio<\/p>\n<p><strong>Soneto 123 del Petrarca<\/strong><br \/>\nFranz Liszt<\/p>\n<p><strong>R\u00eaverie<\/strong><br \/>\nClaude Debussy<\/p>\n<p><strong>Les cloches de G\u00e8neve<\/strong><br \/>\nFranz Liszt<\/p>\n<p><strong>La fille aux cheveaux de lin<\/strong><br \/>\nClaude Debussy<\/p>\n<p><strong>Un sospiro<\/strong><br \/>\n<strong>Etude de concert<\/strong><br \/>\nFranz Liszt<\/p>\n<p>Duraci\u00f3n: 60 minutos<\/p>\n<p><strong>Informaci\u00f3n sobre medidas sanitarias en espacios culturales<\/strong><\/p>\n<p>Esta presentaci\u00f3n se realiza bajo el protocolo sanitario Cultura en Guardia y las disposiciones del Sem\u00e1foro Estatal para la Reactivaci\u00f3n, por lo que se han implementado las siguientes medidas.<\/p>\n<p>1. Uso obligatorio de cubrebocas durante todo el tiempo de permanencia en los recintos culturales.<\/p>\n<p>2. Guardar sana distancia entre personas de al menos 1.5 metros.<\/p>\n<p>3. Ingreso a trav\u00e9s de filtro sanitario para desinfecci\u00f3n de manos y calzado y toma de temperatura.<\/p>\n<p>4. En caso de temperatura corporal superior a 37.5\u00b0 se recomendar\u00e1 al asistente suspender su visita y acudir a valoraci\u00f3n m\u00e9dica.<\/p>\n<p>5. En teatros, el cupo m\u00e1ximo por funci\u00f3n depender\u00e1 de color del Sem\u00e1foro Estatal para la Reactivaci\u00f3n (Verde: 100% \/ Amarillo: 80% \/ Naranja: 50%)<\/p>\n<p>6. Los lugares ser\u00e1n asignados conformen vayan llegando los espectadores. No se podr\u00e1 cambiar de asiento ni deambular dentro de la sala.<\/p>\n<p>7. En Sem\u00e1foro Naranja y Amarillo, uan parte de los asientos del teatro estar\u00e1n marcados con se\u00f1ales de bloqueo para resguardar la sana distancia. Favor de respetar esa restricci\u00f3n.<\/p>\n<p>8. Para disminuir canales de propagaci\u00f3n, no se entregar\u00e1n programas de mano ni otros impresos. La informaci\u00f3n de los espect\u00e1culos puede consultarse en la p\u00e1gina del IEC. Habr\u00e1 c\u00f3digos QR a la entrada de la sala con v\u00ednculos hacia este material.<\/p>\n<p>9. Seguir los recorridos unidireccionales marcados en cada recinto y las indicaciones del personal.<\/p>\n<p>10. No llevar bultos, mochilas ni paquetes, ya que no estar\u00e1 habilitado ning\u00fan servicio de guardarropa o paqueter\u00eda.<\/p>\n<p>11. No se permite acceso con alimentos ni bebidas.<\/p>\n<p>Tanto en su permanencia en los recintos culturales, como en el resto de la vida cotidiana, se recomienda atender las recomendaciones de las autoridades sanitarias, incluyendo estornudo de etiqueta, lavado frecuentes de manos, limitar el contacto con objetos y superficies.<\/p>\n","protected":false},"excerpt":{"rendered":"<p>Ciclo de piano Alberto Cruzprieto Harmonies du soir Teatro Cervantes 24 de marzo, 19:00 h Alberto Cruzprieto Ha presentado recitales en M\u00e9xico, Finlandia, Alemania, Egipto, Irlanda, Holanda, Reino Unido, Francia, [&hellip;]<\/p>\n","protected":false},"author":5,"featured_media":0,"comment_status":"closed","ping_status":"closed","sticky":false,"template":"","format":"standard","meta":{"footnotes":""},"categories":[84],"tags":[],"class_list":["post-7082","post","type-post","status-publish","format-standard","hentry","category-programa-de-mano"],"_links":{"self":[{"href":"https:\/\/cultura.guanajuato.gob.mx\/index.php\/wp-json\/wp\/v2\/posts\/7082","targetHints":{"allow":["GET"]}}],"collection":[{"href":"https:\/\/cultura.guanajuato.gob.mx\/index.php\/wp-json\/wp\/v2\/posts"}],"about":[{"href":"https:\/\/cultura.guanajuato.gob.mx\/index.php\/wp-json\/wp\/v2\/types\/post"}],"author":[{"embeddable":true,"href":"https:\/\/cultura.guanajuato.gob.mx\/index.php\/wp-json\/wp\/v2\/users\/5"}],"replies":[{"embeddable":true,"href":"https:\/\/cultura.guanajuato.gob.mx\/index.php\/wp-json\/wp\/v2\/comments?post=7082"}],"version-history":[{"count":2,"href":"https:\/\/cultura.guanajuato.gob.mx\/index.php\/wp-json\/wp\/v2\/posts\/7082\/revisions"}],"predecessor-version":[{"id":7085,"href":"https:\/\/cultura.guanajuato.gob.mx\/index.php\/wp-json\/wp\/v2\/posts\/7082\/revisions\/7085"}],"wp:attachment":[{"href":"https:\/\/cultura.guanajuato.gob.mx\/index.php\/wp-json\/wp\/v2\/media?parent=7082"}],"wp:term":[{"taxonomy":"category","embeddable":true,"href":"https:\/\/cultura.guanajuato.gob.mx\/index.php\/wp-json\/wp\/v2\/categories?post=7082"},{"taxonomy":"post_tag","embeddable":true,"href":"https:\/\/cultura.guanajuato.gob.mx\/index.php\/wp-json\/wp\/v2\/tags?post=7082"}],"curies":[{"name":"wp","href":"https:\/\/api.w.org\/{rel}","templated":true}]}}