{"id":7089,"date":"2022-03-18T17:41:51","date_gmt":"2022-03-18T17:41:51","guid":{"rendered":"https:\/\/cultura.guanajuato.gob.mx\/?p=7089"},"modified":"2022-03-22T19:23:35","modified_gmt":"2022-03-22T19:23:35","slug":"encuentro-de-comic-2022","status":"publish","type":"post","link":"https:\/\/cultura.guanajuato.gob.mx\/index.php\/2022\/03\/18\/encuentro-de-comic-2022\/","title":{"rendered":"Encuentro de Comic 2022"},"content":{"rendered":"<p><a href=\"https:\/\/cultura.guanajuato.gob.mx\/index.php\/2022\/03\/18\/encuentro-de-comic-2022\/slide_encuentro-comic-2022\/\" rel=\"attachment wp-att-7092\"><img loading=\"lazy\" decoding=\"async\" class=\"size-full wp-image-7092 aligncenter\" src=\"https:\/\/cultura.guanajuato.gob.mx\/wp-content\/uploads\/2022\/03\/Slide_Encuentro-Comic-2022.png\" alt=\"\" width=\"780\" height=\"380\" srcset=\"https:\/\/cultura.guanajuato.gob.mx\/wp-content\/uploads\/2022\/03\/Slide_Encuentro-Comic-2022.png 780w, https:\/\/cultura.guanajuato.gob.mx\/wp-content\/uploads\/2022\/03\/Slide_Encuentro-Comic-2022-300x146.png 300w, https:\/\/cultura.guanajuato.gob.mx\/wp-content\/uploads\/2022\/03\/Slide_Encuentro-Comic-2022-768x374.png 768w\" sizes=\"auto, (max-width: 780px) 100vw, 780px\" \/><\/a><\/p>\n<p><strong>\u00a1Juntos!<\/strong><br \/>\n<strong>Encuentro de C\u00f3mic 2022<\/strong><br \/>\n<strong>Biblioteca Central Estatal Wigberto Jim\u00e9nez Moreno<\/strong><br \/>\n29, 30 y 31 de marzo, 2022<br \/>\nEntrada libre<\/p>\n<p><strong>Programa general<\/strong><\/p>\n<p><strong>Pasillo del c\u00f3mic<\/strong><br \/>\nMartes 29, mi\u00e9rcoles 30 y jueves 31<br \/>\n15:00 a 19:00 h<\/p>\n<p><em>Espacio de exhibici\u00f3n y venta de c\u00f3mic y novela gr\u00e1fica con m\u00e1s de una decena de participantes.<\/em><\/p>\n<p><strong>Encuentro con j\u00f3venes autores<\/strong><br \/>\nParticipan: Andrea Paredes, Le\u00f3n Gonz\u00e1lez, Isaac Luna y Ricardo S\u00e9ptimo.<br \/>\nModera: Pinche Einnar<br \/>\nMartes 29 y mi\u00e9rcoles 30, 16:00 h<br \/>\nSala Jos\u00e9 Vasconcelos<\/p>\n<p><em>La narrativa gr\u00e1fica y el c\u00f3mic en la regi\u00f3n tienen desde hace a\u00f1os a muy buenos exponentes. Los convocados a esta charla subieron la versi\u00f3n digital de uno de sus trabajos a la plataforma de la Biblioteca Central Estatal Wigberto Jim\u00e9nez Moreno, y compartir\u00e1n su proceso e intereses al respecto.<\/em><\/p>\n<p>Intervenci\u00f3n colectiva<br \/>\n<strong>\u00bfC\u00f3mo imaginas el planeta?<\/strong><br \/>\nArtista facilitador: Gast\u00f3n Ortiz<br \/>\nMartes 29, mi\u00e9rcoles 30 y jueves 31<br \/>\nDe 17:00 a 19:00 h<br \/>\nExplanada de la Biblioteca<\/p>\n<p><em>A\u00fan con los resabios de la pandemia, los conflictos internacionales, las crisis econ\u00f3micas y ambientales, nuestro planeta ha resistido todos los cambios. Una estructura met\u00e1lica que puedes intervenir, te espera para conocer c\u00f3mo imaginas un futuro en la tierra.<\/em><\/p>\n<p><strong>Revisi\u00f3n de portafolios<\/strong><br \/>\nTutor\u00eda: Jos\u00e9 Luis Pescador<br \/>\nMartes 29 y jueves 31, 17:30 a 19:00 h<br \/>\nComicteca<\/p>\n<p><em>Las y los j\u00f3venes interesados en seguir los consejos de un experto, podr\u00e1n anotarse y llevar las muestras de su trabajo.<\/em><\/p>\n<p>Charla<br \/>\n<strong>Patreon y Gumroad, vivir del webc\u00f3mic y el mercado del c\u00f3mic para adultos<\/strong><br \/>\nArmando Le\u00f3n<br \/>\nMi\u00e9rcoles 30, 17:30 h<br \/>\nSala Jos\u00e9 Vasconcelos<\/p>\n<p><em>\u00a1Claro!, hay c\u00f3mic para adultos que ha sabido ganarse a su p\u00fablico y Armando Le\u00f3n es uno de sus impulsores m\u00e1s tenaces.<\/em><\/p>\n<p>Charla<br \/>\n<strong>Publicar y distribuir en la vor\u00e1gine digital, lo que busca un editxr<\/strong><br \/>\nLuc\u00eda Rosas y Josefina Larragoiti (Editorial La Resistencia)<br \/>\nModeradora: Liliana P\u00e9rez<br \/>\nJueves 31, 17:00 h<br \/>\nSala Jos\u00e9 Vasconcelos<\/p>\n<p><em>\u00bfPor d\u00f3nde comenzar a buscar una editorial? \u00bfQu\u00e9 se necesita para que el trabajo sea tomado en cuenta? \u00bfQu\u00e9 pistas hay que seguir para publicar? \u00bfEs mejor en digital o impreso? Dos expertas en la edici\u00f3n y publicaci\u00f3n de novela gr\u00e1fica, c\u00f3mic y libros para j\u00f3venes audiencias, contar\u00e1n su experiencia.<\/em><\/p>\n<p>Biblioteca Central Estatal Wigberto Jim\u00e9nez Moreno<br \/>\nProl. Calzada de los H\u00e9roes 908, La Martinica<\/p>\n<p>Evento presencial sujeto al protocolo sanitario Cultura en Guardia. <a href=\"https:\/\/cultura.guanajuato.gob.mx\/index.php\/2021\/02\/23\/cultura-en-guardia\/\" target=\"_blank\" rel=\"noopener\">Conoce aqu\u00ed las indicaciones.<\/a><\/p>\n","protected":false},"excerpt":{"rendered":"<p>\u00a1Juntos! Encuentro de C\u00f3mic 2022 Biblioteca Central Estatal Wigberto Jim\u00e9nez Moreno 29, 30 y 31 de marzo, 2022 Entrada libre Programa general Pasillo del c\u00f3mic Martes 29, mi\u00e9rcoles 30 y [&hellip;]<\/p>\n","protected":false},"author":5,"featured_media":0,"comment_status":"closed","ping_status":"closed","sticky":false,"template":"","format":"standard","meta":{"footnotes":""},"categories":[15,85],"tags":[223],"class_list":["post-7089","post","type-post","status-publish","format-standard","hentry","category-cartelera-de-eventos","category-biblioteca-central-estatal","tag-comic"],"_links":{"self":[{"href":"https:\/\/cultura.guanajuato.gob.mx\/index.php\/wp-json\/wp\/v2\/posts\/7089","targetHints":{"allow":["GET"]}}],"collection":[{"href":"https:\/\/cultura.guanajuato.gob.mx\/index.php\/wp-json\/wp\/v2\/posts"}],"about":[{"href":"https:\/\/cultura.guanajuato.gob.mx\/index.php\/wp-json\/wp\/v2\/types\/post"}],"author":[{"embeddable":true,"href":"https:\/\/cultura.guanajuato.gob.mx\/index.php\/wp-json\/wp\/v2\/users\/5"}],"replies":[{"embeddable":true,"href":"https:\/\/cultura.guanajuato.gob.mx\/index.php\/wp-json\/wp\/v2\/comments?post=7089"}],"version-history":[{"count":5,"href":"https:\/\/cultura.guanajuato.gob.mx\/index.php\/wp-json\/wp\/v2\/posts\/7089\/revisions"}],"predecessor-version":[{"id":7098,"href":"https:\/\/cultura.guanajuato.gob.mx\/index.php\/wp-json\/wp\/v2\/posts\/7089\/revisions\/7098"}],"wp:attachment":[{"href":"https:\/\/cultura.guanajuato.gob.mx\/index.php\/wp-json\/wp\/v2\/media?parent=7089"}],"wp:term":[{"taxonomy":"category","embeddable":true,"href":"https:\/\/cultura.guanajuato.gob.mx\/index.php\/wp-json\/wp\/v2\/categories?post=7089"},{"taxonomy":"post_tag","embeddable":true,"href":"https:\/\/cultura.guanajuato.gob.mx\/index.php\/wp-json\/wp\/v2\/tags?post=7089"}],"curies":[{"name":"wp","href":"https:\/\/api.w.org\/{rel}","templated":true}]}}