{"id":7350,"date":"2022-05-30T22:47:25","date_gmt":"2022-05-30T22:47:25","guid":{"rendered":"https:\/\/cultura.guanajuato.gob.mx\/?p=7350"},"modified":"2022-06-12T03:41:08","modified_gmt":"2022-06-12T03:41:08","slug":"7350","status":"publish","type":"post","link":"https:\/\/cultura.guanajuato.gob.mx\/index.php\/2022\/05\/30\/7350\/","title":{"rendered":"Convocatoria Consejo Directivo RGIOPC"},"content":{"rendered":"<p><a href=\"https:\/\/cultura.guanajuato.gob.mx\/index.php\/2022\/05\/30\/7350\/header-convocatoria\/\" rel=\"attachment wp-att-7354\"><img loading=\"lazy\" decoding=\"async\" class=\"alignnone size-large wp-image-7354\" src=\"https:\/\/cultura.guanajuato.gob.mx\/wp-content\/uploads\/2022\/05\/Header-Convocatoria-1024x334.jpg\" alt=\"\" width=\"1024\" height=\"334\" srcset=\"https:\/\/cultura.guanajuato.gob.mx\/wp-content\/uploads\/2022\/05\/Header-Convocatoria-1024x334.jpg 1024w, https:\/\/cultura.guanajuato.gob.mx\/wp-content\/uploads\/2022\/05\/Header-Convocatoria-300x98.jpg 300w, https:\/\/cultura.guanajuato.gob.mx\/wp-content\/uploads\/2022\/05\/Header-Convocatoria-768x250.jpg 768w, https:\/\/cultura.guanajuato.gob.mx\/wp-content\/uploads\/2022\/05\/Header-Convocatoria.jpg 1150w\" sizes=\"auto, (max-width: 1024px) 100vw, 1024px\" \/><\/a><\/p>\n<p>&nbsp;<\/p>\n<h3 style=\"text-align: center;\"><strong>Convocatoria para integraci\u00f3n en el Consejo Directivo del Instituto Estatal de la Cultura de representantes de grupos ind\u00edgenas y de organismos privados culturales<\/strong><\/h3>\n<p>&nbsp;<\/p>\n<p style=\"text-align: center;\">JORGE VIDEGARAY VERDAD, en mi car\u00e1cter de Presidente del Consejo Directivo del Instituto Estatal de la Cultura; y con fundamento en los art\u00edculos 25 y 28 fracci\u00f3n II de la Ley de Derechos Culturales para el Estado de Guanajuato; y 10, 11, 12, 13 y 14 del Acuerdo Gubernativo N\u00famero 12, mediante el cual se expiden los Lineamientos para el funcionamiento del Consejo Directivo del Instituto Estatal de la Cultura, publicado en el Peri\u00f3dico Oficial del Gobierno del Estado n\u00famero 09 tercera parte, de fecha 11 de enero de 2019, tengo a bien expedir la presente convocatoria para la integraci\u00f3n de los representantes de organismos privados culturales en el Estado y de los grupos ind\u00edgenas del Estado, al Consejo Directivo de este Instituto Estatal.<\/p>\n<p style=\"text-align: center;\"><a href=\"https:\/\/cultura.guanajuato.gob.mx\/wp-content\/uploads\/2022\/05\/0525-Convocatoria-Consejo-IEC-vf.pdf\" target=\"_blank\" rel=\"noopener\">Descarga la convocatoria en PDF<\/a><\/p>\n","protected":false},"excerpt":{"rendered":"<p>&nbsp; Convocatoria para integraci\u00f3n en el Consejo Directivo del Instituto Estatal de la Cultura de representantes de grupos ind\u00edgenas y de organismos privados culturales &nbsp; JORGE VIDEGARAY VERDAD, en mi [&hellip;]<\/p>\n","protected":false},"author":5,"featured_media":7353,"comment_status":"closed","ping_status":"closed","sticky":false,"template":"","format":"standard","meta":{"footnotes":""},"categories":[25],"tags":[],"class_list":["post-7350","post","type-post","status-publish","format-standard","hentry","category-convocatorias"],"_links":{"self":[{"href":"https:\/\/cultura.guanajuato.gob.mx\/index.php\/wp-json\/wp\/v2\/posts\/7350","targetHints":{"allow":["GET"]}}],"collection":[{"href":"https:\/\/cultura.guanajuato.gob.mx\/index.php\/wp-json\/wp\/v2\/posts"}],"about":[{"href":"https:\/\/cultura.guanajuato.gob.mx\/index.php\/wp-json\/wp\/v2\/types\/post"}],"author":[{"embeddable":true,"href":"https:\/\/cultura.guanajuato.gob.mx\/index.php\/wp-json\/wp\/v2\/users\/5"}],"replies":[{"embeddable":true,"href":"https:\/\/cultura.guanajuato.gob.mx\/index.php\/wp-json\/wp\/v2\/comments?post=7350"}],"version-history":[{"count":4,"href":"https:\/\/cultura.guanajuato.gob.mx\/index.php\/wp-json\/wp\/v2\/posts\/7350\/revisions"}],"predecessor-version":[{"id":7357,"href":"https:\/\/cultura.guanajuato.gob.mx\/index.php\/wp-json\/wp\/v2\/posts\/7350\/revisions\/7357"}],"wp:featuredmedia":[{"embeddable":true,"href":"https:\/\/cultura.guanajuato.gob.mx\/index.php\/wp-json\/wp\/v2\/media\/7353"}],"wp:attachment":[{"href":"https:\/\/cultura.guanajuato.gob.mx\/index.php\/wp-json\/wp\/v2\/media?parent=7350"}],"wp:term":[{"taxonomy":"category","embeddable":true,"href":"https:\/\/cultura.guanajuato.gob.mx\/index.php\/wp-json\/wp\/v2\/categories?post=7350"},{"taxonomy":"post_tag","embeddable":true,"href":"https:\/\/cultura.guanajuato.gob.mx\/index.php\/wp-json\/wp\/v2\/tags?post=7350"}],"curies":[{"name":"wp","href":"https:\/\/api.w.org\/{rel}","templated":true}]}}