{"id":7404,"date":"2022-06-10T19:35:01","date_gmt":"2022-06-10T19:35:01","guid":{"rendered":"https:\/\/cultura.guanajuato.gob.mx\/?p=7404"},"modified":"2022-06-10T19:35:01","modified_gmt":"2022-06-10T19:35:01","slug":"guanajuato-tradiciones-de-mi-tierra","status":"publish","type":"post","link":"https:\/\/cultura.guanajuato.gob.mx\/index.php\/2022\/06\/10\/guanajuato-tradiciones-de-mi-tierra\/","title":{"rendered":"Guanajuato, tradiciones de mi tierra"},"content":{"rendered":"<p>Danza<br \/>\nCompa\u00f1\u00eda Regional de Danza (COREDA)<br \/>\nGuanajuato, tradiciones de mi tierra<\/p>\n<p>Director: Carlos Alberto Rend\u00f3n L\u00f3pez<\/p>\n<p>Teatro Cervantes<br \/>\n12 de junio, 12:00 horas<\/p>\n<p>Compa\u00f1\u00eda Regional de Danza Guanajuato COREDA<br \/>\nSurge en el 2002 por iniciativa del Licenciado en Educaci\u00f3n Carlos Alberto Rend\u00f3n L\u00f3pez, teniendo como origen la fusi\u00f3n del trabajo art\u00edstico del Ballet Folkl\u00f3rico de Guanajuato \u201cAm\u00e9rica Balbuena\u201d y el Grupo de Danza \u201cModinetunih\u201d de la Escuela Normal Superior Oficial de Guanajuato, ENSOG.<br \/>\nDesde la fundaci\u00f3n de COREDA el trabajo ha sido constante abarcando con sus presentaciones desde las comunidades m\u00e1s apartadas de nuestro estado hasta foros de renombre nacional e internacional. La misi\u00f3n de la Compa\u00f1\u00eda es promover y difundir las tradiciones danc\u00edsticas mexicanas con un inter\u00e9s primordial de formar y fortalecer identidad guanajuatense a trav\u00e9s de la danza tradicional.<br \/>\nCOREDA ha tenido participaciones destacadas en los estados de Chihuahua, Chiapas, Coahuila, Jalisco, M\u00e9xico, Michoac\u00e1n de Ocampo, Oaxaca, Puebla, Quer\u00e9taro, San Luis Potos\u00ed, Sinaloa, Tlaxcala, Yucat\u00e1n, Zacatecas y por todo el estado de Guanajuato, as\u00ed como su gira internacional por los Estados Unidos de Am\u00e9rica.<br \/>\nEntre los foros m\u00e1s destacados en los que se han presentado se encuentran el Auditorio del Estado de Guanajuato, Teatro Ju\u00e1rez y el Z\u00f3calo de la Ciudad de M\u00e9xico.<\/p>\n<p>Las Funciones de Aniversario COREDA, se han realizado a\u00f1o con a\u00f1o desde 2005 en la ciudad de Guanajuato con presentaciones art\u00edsticas en la Plazuela de San Roque, Teatro Cervantes, Teatro Principal, Auditorito del Estado y en los cuatro a\u00f1os que anteceden al presente en el majestuoso Teatro Ju\u00e1rez.<\/p>\n<p>Programa de danzas y bailes de nuestro Estado<\/p>\n<p>Las estampas danc\u00edsticas que se convierten en el medio para trasladar al p\u00fablico espectador a un contexto tradicional e hist\u00f3rico a trav\u00e9s del arte en movimiento de la danza folkl\u00f3rica presentadas en orden cronol\u00f3gico son: Danza Chichimeca, Danza de Concheros, Danza del Torito, Guanajuato Colonial, Mineros de Guanajuato, Callejoneando y Sones Arribe\u00f1os de la Sierra Gorda.<\/p>\n<p>Este programa contribuye a la formaci\u00f3n de identidad guanajuatense a trav\u00e9s del lenguaje corporal de la danza, resaltando por medio del arte esc\u00e9nico costumbres, fiestas y tradiciones que subrayan la riqueza cultural e hist\u00f3rica del estado contribuyendo a su proyecci\u00f3n por medio de un producto art\u00edstico que resalta el colorido de Guanajuato.<\/p>\n<p>M\u00fasicos:<\/p>\n<p>Ensamble M\u00fasica \u201cTierra y Tradici\u00f3n\u201d<\/p>\n<p>M\u00fasicos tradicionales Illankue<\/p>\n<p>Estudiantina Guanajuato<\/p>\n<p>Cr\u00e9ditos COREDA:<\/p>\n<p>Director General: Carlos Alberto Rend\u00f3n L\u00f3pez<\/p>\n<p>Coordinador de Comunicaci\u00f3n: Violeta Jim\u00e9nez<\/p>\n<p>Musicalizaci\u00f3n: V\u00edctor Alfonso Ben\u00edtez Ju\u00e1rez<\/p>\n<p>&nbsp;<\/p>\n<p>&nbsp;<\/p>\n<p>&nbsp;<\/p>\n<p><a href=\"https:\/\/cultura.guanajuato.gob.mx\/index.php\/2022\/06\/10\/guanajuato-tradiciones-de-mi-tierra\/fbe-coreda\/\" rel=\"attachment wp-att-7405\"><img loading=\"lazy\" decoding=\"async\" class=\"alignnone size-full wp-image-7405\" src=\"https:\/\/cultura.guanajuato.gob.mx\/wp-content\/uploads\/2022\/06\/FBE-Coreda.jpg\" alt=\"\" width=\"900\" height=\"477\" srcset=\"https:\/\/cultura.guanajuato.gob.mx\/wp-content\/uploads\/2022\/06\/FBE-Coreda.jpg 900w, https:\/\/cultura.guanajuato.gob.mx\/wp-content\/uploads\/2022\/06\/FBE-Coreda-300x159.jpg 300w, https:\/\/cultura.guanajuato.gob.mx\/wp-content\/uploads\/2022\/06\/FBE-Coreda-768x407.jpg 768w\" sizes=\"auto, (max-width: 900px) 100vw, 900px\" \/><\/a><\/p>\n","protected":false},"excerpt":{"rendered":"<p>Danza Compa\u00f1\u00eda Regional de Danza (COREDA) Guanajuato, tradiciones de mi tierra Director: Carlos Alberto Rend\u00f3n L\u00f3pez Teatro Cervantes 12 de junio, 12:00 horas Compa\u00f1\u00eda Regional de Danza Guanajuato COREDA Surge [&hellip;]<\/p>\n","protected":false},"author":5,"featured_media":0,"comment_status":"closed","ping_status":"closed","sticky":false,"template":"","format":"standard","meta":{"footnotes":""},"categories":[154],"tags":[],"class_list":["post-7404","post","type-post","status-publish","format-standard","hentry","category-danza"],"_links":{"self":[{"href":"https:\/\/cultura.guanajuato.gob.mx\/index.php\/wp-json\/wp\/v2\/posts\/7404","targetHints":{"allow":["GET"]}}],"collection":[{"href":"https:\/\/cultura.guanajuato.gob.mx\/index.php\/wp-json\/wp\/v2\/posts"}],"about":[{"href":"https:\/\/cultura.guanajuato.gob.mx\/index.php\/wp-json\/wp\/v2\/types\/post"}],"author":[{"embeddable":true,"href":"https:\/\/cultura.guanajuato.gob.mx\/index.php\/wp-json\/wp\/v2\/users\/5"}],"replies":[{"embeddable":true,"href":"https:\/\/cultura.guanajuato.gob.mx\/index.php\/wp-json\/wp\/v2\/comments?post=7404"}],"version-history":[{"count":2,"href":"https:\/\/cultura.guanajuato.gob.mx\/index.php\/wp-json\/wp\/v2\/posts\/7404\/revisions"}],"predecessor-version":[{"id":7407,"href":"https:\/\/cultura.guanajuato.gob.mx\/index.php\/wp-json\/wp\/v2\/posts\/7404\/revisions\/7407"}],"wp:attachment":[{"href":"https:\/\/cultura.guanajuato.gob.mx\/index.php\/wp-json\/wp\/v2\/media?parent=7404"}],"wp:term":[{"taxonomy":"category","embeddable":true,"href":"https:\/\/cultura.guanajuato.gob.mx\/index.php\/wp-json\/wp\/v2\/categories?post=7404"},{"taxonomy":"post_tag","embeddable":true,"href":"https:\/\/cultura.guanajuato.gob.mx\/index.php\/wp-json\/wp\/v2\/tags?post=7404"}],"curies":[{"name":"wp","href":"https:\/\/api.w.org\/{rel}","templated":true}]}}