{"id":7790,"date":"2022-11-28T21:30:33","date_gmt":"2022-11-28T21:30:33","guid":{"rendered":"https:\/\/cultura.guanajuato.gob.mx\/?p=7790"},"modified":"2022-11-28T21:30:33","modified_gmt":"2022-11-28T21:30:33","slug":"jornada-astronomica-leer-el-cielo","status":"publish","type":"post","link":"https:\/\/cultura.guanajuato.gob.mx\/index.php\/2022\/11\/28\/jornada-astronomica-leer-el-cielo\/","title":{"rendered":"jornada astronomica leer el cielo"},"content":{"rendered":"<p><a href=\"https:\/\/cultura.guanajuato.gob.mx\/index.php\/2022\/11\/28\/jornada-astronomica-leer-el-cielo\/slide_jornada-astronomica\/\" rel=\"attachment wp-att-7791\"><img loading=\"lazy\" decoding=\"async\" class=\"size-full wp-image-7791 aligncenter\" src=\"https:\/\/cultura.guanajuato.gob.mx\/wp-content\/uploads\/2022\/11\/Slide_Jornada-Astronomica.png\" alt=\"\" width=\"780\" height=\"380\" srcset=\"https:\/\/cultura.guanajuato.gob.mx\/wp-content\/uploads\/2022\/11\/Slide_Jornada-Astronomica.png 780w, https:\/\/cultura.guanajuato.gob.mx\/wp-content\/uploads\/2022\/11\/Slide_Jornada-Astronomica-300x146.png 300w, https:\/\/cultura.guanajuato.gob.mx\/wp-content\/uploads\/2022\/11\/Slide_Jornada-Astronomica-768x374.png 768w\" sizes=\"auto, (max-width: 780px) 100vw, 780px\" \/><\/a><\/p>\n<p><strong>Leer el cielo<\/strong><br \/>\n<strong>Jornada astron\u00f3mica<\/strong><br \/>\nDel 1 al 3 de diciembre, 2022<\/p>\n<p>Santa Catarina, Gto.<br \/>\nComunidad Paredes<\/p>\n<p><strong>Programaci\u00f3n<\/strong><\/p>\n<p><strong>1 y 2 de diciembre | Talleres comunitarios<\/strong><\/p>\n<p><strong>Oralidad y escritura: instrumentos para preservar lo memoria comunitaria<\/strong><br \/>\nJueves 1<\/p>\n<p><strong>Elaboraci\u00f3n de peri\u00f3dico comunitario<\/strong><br \/>\nViernes 2<\/p>\n<p>Horarios para ambos talleres<br \/>\n10:00 a 11:30 h Estudiantes de primaria<br \/>\n12.00 a 13:30 h Secundaria y preparatoria<br \/>\n16:00 a 17:00 h Adultos (Habitantes de la comunidad)<br \/>\nImparte: Sara Zepeda Mu\u00f1oz<\/p>\n<p><strong>3 de diciembre | Jornada astron\u00f3mica<\/strong><\/p>\n<p><strong>Talleres de astronom\u00eda para toda la familia<\/strong><br \/>\nDuraci\u00f3n: Una hora<\/p>\n<p><strong>Una historia de estrellas<\/strong><br \/>\nTaller de elaboraci\u00f3n de constelascopios celestes<br \/>\nImparte: Centro de Investigaciones en \u00d3ptica (CIO)<br \/>\nCupo limitado a 50 personas por sesi\u00f3n<br \/>\n17:30 y 18:30 h<\/p>\n<p><strong>De la tierra a luna<\/strong><br \/>\nTaller de elaboraci\u00f3n de tarjetas pop-up<br \/>\nImparte: Biblioteca Central Estatal de Guanajuato Wigberto Jim\u00e9nez Moreno<br \/>\nCupo limitado a 30 personas por sesi\u00f3n<br \/>\n17:30 y 18:30 h<\/p>\n<p><strong>Fotograf\u00eda del cielo nocturno<\/strong><br \/>\nTaller de astrofotograf\u00eda<br \/>\nImparte: Am\u00edlcar Jim\u00e9nez<br \/>\nCupo limitado a 20 personas por sesi\u00f3n<br \/>\n17:30, 18:30, 19:30 y 20:30 h<\/p>\n<p><strong>Narraci\u00f3n oral<\/strong><br \/>\nMitos prehisp\u00e1nicos: Historias fant\u00e1sticas de la creaci\u00f3n del universo<br \/>\nSara Zepeda Mu\u00f1oz y Nadia Rodr\u00edguez<br \/>\nFunciones: 17:30, 18:30 y 19:30 h<\/p>\n<p><strong>Observaci\u00f3n astron\u00f3mica<\/strong><br \/>\nTelescopios de la Biblioteca Central Estatal de Guanajuato Wigberto Jim\u00e9nez Moreno y del Centro de Investigaciones en \u00d3ptica<br \/>\n19:30 a 22:00 h<\/p>\n<p><strong>Lectura de planisferios celestes<\/strong><br \/>\n<strong>Sala de lectura Leer al Cielo<\/strong><br \/>\nA partir de las 17:30 h<\/p>\n<p>Campamento J\u00f3venes en Movimiento: Informes: juventudsc.gto@gmail.com<\/p>\n<p>Entrada libre<\/p>\n","protected":false},"excerpt":{"rendered":"<p>Leer el cielo Jornada astron\u00f3mica Del 1 al 3 de diciembre, 2022 Santa Catarina, Gto. Comunidad Paredes Programaci\u00f3n 1 y 2 de diciembre | Talleres comunitarios Oralidad y escritura: instrumentos [&hellip;]<\/p>\n","protected":false},"author":5,"featured_media":0,"comment_status":"closed","ping_status":"closed","sticky":false,"template":"","format":"standard","meta":{"footnotes":""},"categories":[15,267],"tags":[275,276],"class_list":["post-7790","post","type-post","status-publish","format-standard","hentry","category-cartelera-de-eventos","category-ciencia","tag-astronomia","tag-observacion"],"_links":{"self":[{"href":"https:\/\/cultura.guanajuato.gob.mx\/index.php\/wp-json\/wp\/v2\/posts\/7790","targetHints":{"allow":["GET"]}}],"collection":[{"href":"https:\/\/cultura.guanajuato.gob.mx\/index.php\/wp-json\/wp\/v2\/posts"}],"about":[{"href":"https:\/\/cultura.guanajuato.gob.mx\/index.php\/wp-json\/wp\/v2\/types\/post"}],"author":[{"embeddable":true,"href":"https:\/\/cultura.guanajuato.gob.mx\/index.php\/wp-json\/wp\/v2\/users\/5"}],"replies":[{"embeddable":true,"href":"https:\/\/cultura.guanajuato.gob.mx\/index.php\/wp-json\/wp\/v2\/comments?post=7790"}],"version-history":[{"count":2,"href":"https:\/\/cultura.guanajuato.gob.mx\/index.php\/wp-json\/wp\/v2\/posts\/7790\/revisions"}],"predecessor-version":[{"id":7793,"href":"https:\/\/cultura.guanajuato.gob.mx\/index.php\/wp-json\/wp\/v2\/posts\/7790\/revisions\/7793"}],"wp:attachment":[{"href":"https:\/\/cultura.guanajuato.gob.mx\/index.php\/wp-json\/wp\/v2\/media?parent=7790"}],"wp:term":[{"taxonomy":"category","embeddable":true,"href":"https:\/\/cultura.guanajuato.gob.mx\/index.php\/wp-json\/wp\/v2\/categories?post=7790"},{"taxonomy":"post_tag","embeddable":true,"href":"https:\/\/cultura.guanajuato.gob.mx\/index.php\/wp-json\/wp\/v2\/tags?post=7790"}],"curies":[{"name":"wp","href":"https:\/\/api.w.org\/{rel}","templated":true}]}}