{"id":7873,"date":"2023-02-16T01:24:34","date_gmt":"2023-02-16T01:24:34","guid":{"rendered":"https:\/\/cultura.guanajuato.gob.mx\/?p=7873"},"modified":"2023-02-24T16:06:40","modified_gmt":"2023-02-24T16:06:40","slug":"programacion-guanajuato-filpm-2023","status":"publish","type":"post","link":"https:\/\/cultura.guanajuato.gob.mx\/index.php\/2023\/02\/16\/programacion-guanajuato-filpm-2023\/","title":{"rendered":"programacion guanajuato filpm 2023"},"content":{"rendered":"<p><a href=\"https:\/\/cultura.guanajuato.gob.mx\/index.php\/2023\/02\/16\/programacion-guanajuato-filpm-2023\/slide_guanajuato-estado-invitado_fil-mineria\/\" rel=\"attachment wp-att-7874\"><img loading=\"lazy\" decoding=\"async\" class=\"size-full wp-image-7874 aligncenter\" src=\"https:\/\/cultura.guanajuato.gob.mx\/wp-content\/uploads\/2023\/02\/Slide_Guanajuato-Estado-Invitado_FIL-Mineria.png\" alt=\"\" width=\"780\" height=\"380\" srcset=\"https:\/\/cultura.guanajuato.gob.mx\/wp-content\/uploads\/2023\/02\/Slide_Guanajuato-Estado-Invitado_FIL-Mineria.png 780w, https:\/\/cultura.guanajuato.gob.mx\/wp-content\/uploads\/2023\/02\/Slide_Guanajuato-Estado-Invitado_FIL-Mineria-300x146.png 300w, https:\/\/cultura.guanajuato.gob.mx\/wp-content\/uploads\/2023\/02\/Slide_Guanajuato-Estado-Invitado_FIL-Mineria-768x374.png 768w\" sizes=\"auto, (max-width: 780px) 100vw, 780px\" \/><\/a><\/p>\n<p style=\"text-align: center;\"><a href=\"http:\/\/filmineria.unam.mx\/feria\/44fil\/index.html\" target=\"_blank\" rel=\"noopener\"><strong>47 Feria Internacional del Libro del Palacio de Miner\u00eda 2023<\/strong><\/a><br \/>\n<strong>Del 23 de febrero al 6 de marzo<\/strong><\/p>\n<p style=\"text-align: center;\"><strong>Guanajuato: Escrito con Grandeza<\/strong><br \/>\n<strong>Estado invitado<\/strong><\/p>\n<p style=\"text-align: center;\"><span style=\"color: #041369;\"><strong>Programa general<\/strong><\/span><\/p>\n<p style=\"text-align: center;\">*Sujeto a cambios de \u00faltima hora.<\/p>\n<p><a href=\"https:\/\/cultura.guanajuato.gob.mx\/wp-content\/uploads\/2023\/02\/Programa_FILPM_2023.pdf\" target=\"_blank\" rel=\"noopener\">Descarga aqu\u00ed la versi\u00f3n digital (PDF)<\/a><\/p>\n<p><span style=\"color: #003366;\"><strong>JUEVES 23 DE FEBRERO<\/strong><\/span><\/p>\n<p>Presentaci\u00f3n editorial<br \/>\n<strong>Mineral de la Luz. La obra fotogr\u00e1fica de John Horgan Jr. en M\u00e9xico<\/strong><br \/>\nde \u00d3scar S\u00e1nchez Rangel y Berenice Pardo Hern\u00e1ndez<br \/>\nEdiciones La Rana<br \/>\nPresentan: los autores<br \/>\nModera: Luz Ver\u00f3nica Mata<br \/>\nPABELL\u00d3N GUANAJUATO<br \/>\nDE 18:00 A 18:45 HRS.<\/p>\n<p>Presentaci\u00f3n editorial<br \/>\n<strong>Gorriones<\/strong><br \/>\nde Ib\u00e1n de Le\u00f3n<br \/>\nPremio Nacional de Poes\u00eda Efra\u00edn Huerta<br \/>\nEdiciones La Rana<br \/>\nPresentan: Balam Rodrigo, Baudelio Camarillo y el autor<br \/>\nModera: Mauricio V\u00e1zquez Gonz\u00e1lez \/ Ra\u00fal Bravo<br \/>\nPABELL\u00d3N GUANAJUATO<br \/>\nDE 19:00 A 19:45 HRS.<\/p>\n<p><strong><span style=\"color: #003366;\">VIERNES 24 DE FEBRERO<\/span><\/strong><\/p>\n<p>Presentaci\u00f3n editorial<br \/>\n<strong>Colecci\u00f3n Guanajuato Grandes Historias:<\/strong><br \/>\n<strong>Vi\u00f1as y bodegas de Guanajuato<\/strong><br \/>\n<strong>La ruta secreta del mezcal<\/strong><br \/>\n<strong>Camino Real de Tierra Adentro<\/strong> y<br \/>\n<strong>Arturo Su\u00e1rez, fot\u00f3grafo<\/strong><br \/>\nSecretar\u00eda de Turismo del Gobierno del Estado de Guanajuato<br \/>\nPresentan: Juan Jos\u00e9 \u00c1lvarez Brunel, secretario de Turismo; Mtra. Graciela Cruz Vel\u00e1zquez; Dr. Miguel \u00c1ngel Avil\u00e9s Gal\u00e1n; Mtro. Rodolfo Gerschman, y Mtro. Luis Ernesto Camarillo Ram\u00edrez<br \/>\nModera: Mar\u00eda Adriana Camarena de Obeso<br \/>\nPABELL\u00d3N GUANAJUATO<br \/>\nDE 12:00 A 13:30 HRS.<\/p>\n<p>*Homenaje al centenario natalicio de Raquel Tibol<br \/>\nPresentaci\u00f3n editorial<br \/>\n<strong>Hermenegildo Bustos, pintor de pueblo<\/strong><br \/>\nde Raquel Tibol<br \/>\nEdiciones La Rana<br \/>\nPresentan: Adriana Camarena de Obeso, directora general del IEC; Nora Satanovsky y Luis Rius.<br \/>\nModera: Mauricio V\u00e1zquez Gonz\u00e1lez<br \/>\nAUDITORIO BERNARDO QUINTANA (1 H 30 MIN)<br \/>\nDE 14:00 A 15:30 HRS<\/p>\n<p>Presentaci\u00f3n editorial<br \/>\n<strong>Gu\u00eda de Museos de Guanajuato<\/strong><br \/>\nInstituto Estatal de la Cultura<br \/>\nRed de Museos y Galer\u00edas del IEC<br \/>\nPresentan: Adriana Camarena de Obeso, directora general del IEC y Arturo L\u00f3pez, director de Museos del IEC<br \/>\nModera: Arturo L\u00f3pez<br \/>\nPABELL\u00d3N GUANAJUATO<br \/>\nDE 17:00 A 17:45 HRS.<\/p>\n<p>Presentaci\u00f3n editorial<br \/>\n<strong>Entraron sin permiso<\/strong>, de Sara Mu\u00f1oz<br \/>\n<strong>Leo a Leonora<\/strong>, de Mar\u00eda Edith Vel\u00e1zquez<br \/>\n<strong>Quimeras en la vara de Esculapio<\/strong>, de Mois\u00e9s Maldonado<br \/>\nCol. Fondo para las Letras Guanajuatenses<br \/>\nEdiciones La Rana<br \/>\nPresentan: los autores y Claudina Domingo<br \/>\nModera: Mauricio V\u00e1zquez Gonz\u00e1lez \/ Ra\u00fal Bravo<br \/>\nPABELL\u00d3N GUANAJUATO<br \/>\nDE 18:00 A 18:45 HRS.<\/p>\n<p><strong>Mesa de Premios Nacionales de Literatura Guanajuato<\/strong><br \/>\nParticipan: Baudelio Camarillo, Premio Nacional de Poes\u00eda Efra\u00edn Huerta; Imanol Caneyada, Premio Estatal de Cuento Efr\u00e9n Hern\u00e1ndez, y Mauricio Carrera, Premio Nacional de Novela Jorge Ibarg\u00fcengoitia<br \/>\nEdiciones La Rana<br \/>\nModera: Ra\u00fal Bravo<br \/>\nPABELL\u00d3N GUANAJUATO<br \/>\nDE 19:00 A 19:45 HRS<\/p>\n<p>Presentaci\u00f3n editorial<br \/>\n<strong>Cuando te hablen de amor y de ilusiones<\/strong><br \/>\nde Paloma Jim\u00e9nez G\u00e1lvez<br \/>\nEdiciones La Rana<br \/>\nPresentan: Juan Villoro y la autora<br \/>\nModera: Mauricio V\u00e1zquez Gonz\u00e1lez<br \/>\nAcompa\u00f1amiento musical por el Tr\u00edo de Jazz Mata\/Orozco\/Garc\u00eda<br \/>\nSAL\u00d3N DE ACTOS (1 H 30 MIN)<br \/>\nDE 19:00 A 20:30 HRS.<\/p>\n<p><strong><span style=\"color: #003366;\">S\u00c1BADO 25 DE FEBRERO<\/span><\/strong><\/p>\n<p>Presentaci\u00f3n editorial<br \/>\n<strong>El destino literario de la conquista de M\u00e9xico.<\/strong><br \/>\n<strong>Memoria del XXXI Coloquio Cervantino Internacional.<\/strong><br \/>\nEditorial MIQ<br \/>\nPresenta: Christian Duverger<br \/>\nModera: Onofre S\u00e1nchez Menchero<br \/>\nAUDITORIO CUATRO (45 MIN).<br \/>\nDE 12:00 A 12:45 HRS.<\/p>\n<p>Presentaci\u00f3n art\u00edstica<br \/>\n<strong>50 a\u00f1os de Los Tiempos Pasados<\/strong><br \/>\nConcierto de m\u00fasica antigua y renacentista<br \/>\nCAPILLA (1 H 30 MIN)<br \/>\nDE 13:00 A 14:30 HRS.<\/p>\n<p>Presentaci\u00f3n editorial<br \/>\n<strong>Escribir desde el incendio<\/strong><br \/>\nde Juan Manuel Garc\u00eda Belmonte<br \/>\nEditorial E1<br \/>\nPresentan: Silvia Pel\u00e1ez y el autor<br \/>\nModera: Juan Jos\u00e9 de Giovannini<br \/>\nPABELL\u00d3N GUANAJUATO<br \/>\nDE 17:00 A 17:45 HRS.<\/p>\n<p>Presentaci\u00f3n editorial<br \/>\n<strong>La palabra quebrada<\/strong><br \/>\nde Mart\u00edn Cerda<br \/>\nCoedici\u00f3n entre E1 Ediciones,<br \/>\nEditorial Los Otros Libros y<br \/>\nEdiciones La Rana.<br \/>\nPresentan: Christopher Dom\u00ednguez Michael y Pedro Mena<br \/>\nModera: Juan Jos\u00e9 de Giovannini<br \/>\nGALER\u00cdA DE RECTORES (45 MIN)<br \/>\n18:00 A 18:45 HRS.<\/p>\n<p>Presentaci\u00f3n editorial<br \/>\n<strong>El arte de Mateo Herrera<\/strong><br \/>\nEdiciones La Rana<br \/>\nPresenta: Arturo Joel Padilla<br \/>\nPABELL\u00d3N GUANAJUATO<br \/>\nDE 18:00 A 18:45 HRS.<\/p>\n<p>Presentaci\u00f3n editorial<br \/>\n<strong>Marte R. G\u00f3mez y Diego Rivera, historia de una colecci\u00f3n<\/strong><br \/>\nMar\u00eda Elena Dur\u00e1n Pay\u00e1n y Ana Mar\u00eda Rodr\u00edguez P\u00e9rez<br \/>\nEdiciones La Rana<br \/>\nPresentan: Mar\u00eda Elena Dur\u00e1n y Arturo L\u00f3pez Rodr\u00edguez<br \/>\nModera: Mauricio V\u00e1zquez Gonz\u00e1lez<br \/>\nPABELL\u00d3N GUANAJUATO<br \/>\nDE 19:00 A 19:45 HRS.<\/p>\n<p><strong><span style=\"color: #003366;\">DOMINGO 26 DE FEBRERO<\/span><\/strong><\/p>\n<p>Presentaci\u00f3n editorial<br \/>\n<strong>Miguel el ingenioso<\/strong><br \/>\nadaptaci\u00f3n para p\u00fablico infantil de la vida de Miguel de Cervantes<br \/>\nde Luc\u00eda Noriega<br \/>\nEditorial del MIQ<br \/>\nPresentan: Paulina Mendoza y la autora<br \/>\nPABELL\u00d3N GUANAJUATO<br \/>\n12:00 \/ 12:45 HRS.<\/p>\n<p>Homenaje a Jos\u00e9 Kozer<br \/>\nPresentaci\u00f3n editorial<br \/>\n<strong>Verdad de la materia<\/strong><br \/>\nde Jos\u00e9 Kozer<br \/>\nCol. De Guanajuato al mundo<br \/>\nEdiciones La Rana<br \/>\nPresentan: Adolfo Casta\u00f1\u00f3n y Amaranta Caballero<br \/>\nModera: Amaranta Caballero<br \/>\nSAL\u00d3N DE ACTOS (1H 30 MIN).<br \/>\nDE 13:00 A 14:30 HRS<\/p>\n<p>Presentaci\u00f3n editorial<br \/>\n<strong>Colecci\u00f3n de libros de la Secretar\u00eda del Migrante<\/strong><br \/>\n<strong>Voces de las migraciones internacionales desde Guanajuato: consecuencias de la pandemia de Covid-19 en la poblaci\u00f3n migrante \/ Voces de las migraciones internacionales desde Guanajuato: las remesas migrantes durante la pandemia: entre la solidaridad y el desarrollo \/ Voces de las migraciones internacionales desde Guanajuato: historias de personas y comunidades inmigrantes \/ Voces de las migraciones internacionales desde Guanajuato: historias de guanajuateses en el extranjero.<\/strong><br \/>\nCoordinador: Miguel Vilches Hinojo<br \/>\nSecretar\u00eda del Migrante y Enlace Internacional<br \/>\nPresenta: Juan Hern\u00e1ndez, secretario del Migrante y Enlace Internacional de Guanajuato<br \/>\nPABELL\u00d3N GUANAJUATO \/<br \/>\nDE 14:00 A 14:45 HRS<\/p>\n<p>Presentaci\u00f3n editorial<br \/>\n<strong>Miradas extranjeras al estado de Guanajuato<\/strong><br \/>\n<strong>siglos XVI al XXI<\/strong><br \/>\nde Jos\u00e9 N. Iturriaga<br \/>\nCol. De Guanajuato al mundo<br \/>\nEdiciones La Rana<br \/>\nPresentan: Arturo Miranda Montero y el autor<br \/>\nModera: Mauricio V\u00e1zquez Gonz\u00e1lez<br \/>\nSAL\u00d3N DE LA ACADEMIA DE INGENIER\u00cdA (45 MIN).<br \/>\nDE 16:00 A 16:45 HRS.<\/p>\n<p>Presentaci\u00f3n editorial<br \/>\n<strong>Dr. Atl, el ide\u00f3logo de la Revoluci\u00f3n Mexicana<\/strong><br \/>\nde Joaqu\u00edn Chi<br \/>\nPresenta: el autor<br \/>\nPABELL\u00d3N GUANAJUATO<br \/>\nDE 17:00 A 17:45 HRS<\/p>\n<p>Presentaci\u00f3n editorial<br \/>\n<strong>Flor sin ra\u00edz<\/strong> (n\u00e1huatl- espa\u00f1ol- franc\u00e9s), narrativa contempor\u00e1nea en formato triling\u00fce para el fortalecimiento de la diversidad ling\u00fc\u00edstica.<br \/>\nde Patrick Johansson. Ilustraci\u00f3n: Luciano Trigos<br \/>\nEditorial del MIQ<br \/>\nPresentan: Santos de la Cruz Hern\u00e1ndez y el autor<br \/>\nModera: Onofre S\u00e1nchez Menchero<br \/>\nPABELL\u00d3N GUANAJUATO<br \/>\nDE 18:00 A 18:45 HRS<\/p>\n<p>Presentaci\u00f3n editorial<br \/>\n<strong>Que se organicen sus pueblos. <\/strong><br \/>\n<strong>Agust\u00edn de Iturbide y la contrainsurgencia<\/strong><br \/>\n<strong>en la comandancia de Guanajuato (1813-1816)<\/strong><br \/>\nde Joaqu\u00edn Edgardo Espinosa Aguirre<br \/>\nInstituto de Estudios Hist\u00f3ricos de las Revoluciones de M\u00e9xico (INEHRM); Universidad Michoacana de San Nicol\u00e1s de Hidalgo; Instituto Estatal de la Cultura de Guanajuato<br \/>\nPresentan: Veremundo Carrillo Reveles, Rafael Estrada Michel y el autor<br \/>\nModera: Mauricio V\u00e1zquez Gonz\u00e1lez<br \/>\nAUDITORIO SOTERO PRIETO (45 MIN).<br \/>\nDE 18:00 A 18:45 HRS.<\/p>\n<p>Presentaci\u00f3n editorial<br \/>\n<strong>Mala entra\u00f1a<\/strong><br \/>\nde Luis Felipe P\u00e9rez S\u00e1nchez<br \/>\nEdiciones La Rana<br \/>\nPresentan: Gilma Luque y el autor<br \/>\nPABELL\u00d3N GUANAJUATO<br \/>\nDE 19:00 A 19:45 HRS<\/p>\n<p><strong><span style=\"color: #003366;\">LUNES 27 DE FEBRERO<\/span><\/strong><\/p>\n<p>Presentaci\u00f3n editorial<br \/>\n<strong>Colecci\u00f3n Historia de Guanajuato<\/strong><br \/>\nParticipan: Jos\u00e9 Luis Lara Vald\u00e9s, Adriana Ortega Zenteno, Roc\u00edo Corona Azanza y Luis Fernando D\u00edaz S\u00e1nchez.<br \/>\nEdiciones La Rana<br \/>\nModera: Mauricio V\u00e1zquez Gonz\u00e1lez<br \/>\nAUDITORIO SOTERO PRIETO (45 MIN).<br \/>\nDE 17:00 A 17:45 HRS.<\/p>\n<p><strong>Charla sobre Guanajuato y su patrimonio monumental:<\/strong><br \/>\n<strong>Valenciana, San Diego, Yuririanp\u00fandaro, Atotonilco, Ex convento de San Agust\u00edn<\/strong><br \/>\nPresenta: Jos\u00e9 de Santiago Silva<br \/>\nAUDITORIO CUATRO (45 MIN).<br \/>\nDE 19:00 A 19:45 HRS.<\/p>\n<p><strong><span style=\"color: #003366;\">MARTES 28 DE FEBRERO<\/span><\/strong><\/p>\n<p>Presentaci\u00f3n editorial<br \/>\n<strong>Para lo que sirve el derecho. Estudios jur\u00eddicos sobre la obra de Sergio Garc\u00eda Ram\u00edrez<\/strong><br \/>\nLuis Felipe Guerrero Agripino y Eduardo Astrain Ba\u00f1uelos, coordinadores<br \/>\nParticipan: Leandro Eduardo Astrain Ba\u00f1uelos, Lizbeth X\u00f3chitl Padilla Sanabria, Susana Mart\u00ednez Nava y Karla Alejandra Esc\u00e1rcega Robledo<br \/>\nUniversidad de Guanajuato<br \/>\nGALER\u00cdA DE RECTORES (45 MIN)<br \/>\nDE 13:00 A 13:45 HRS.<\/p>\n<p><strong>Charla sobre Guanajuato y su nueva estrategia ecol\u00f3gica:<\/strong><br \/>\n<strong>Aves, anfibios, reptiles y mam\u00edferos de las \u00c1reas Naturales Protegidas del Estado de Guanajuato.<\/strong><br \/>\nParticipa: Mar\u00eda Isabel Ortiz Mantilla, secretaria de Medio Ambiente<br \/>\ny Ordenamiento Territorial del Estado de Guanajuato<br \/>\nSAL\u00d3N DE FIRMAS (45 MIN).<br \/>\nDE 14:00 A 14:45 HRS.<\/p>\n<p>Presentaci\u00f3n editorial<br \/>\n<strong>Cat\u00e1logos de arte<\/strong><br \/>\nPresentan: Magdalena Zavala, Daniel Garza Usabiaga y V\u00edctor Mar\u00edn Mel\u00e9ndez<br \/>\nF\u00f3rum Cultural Guanajuato<br \/>\nMuseo de Artes e Historia de Guanajuato<br \/>\nModera: Arturo L\u00f3pez Rodr\u00edguez<br \/>\nGALER\u00cdA DE RECTORES (45 MIN).<br \/>\nDE 16:00 A 16:45 HRS.<\/p>\n<p>Presentaci\u00f3n editorial<br \/>\n<strong>Jaraneros, puetas y vareros. Bordar y (des)bordar la tradici\u00f3n del huapango arribe\u00f1o<\/strong><br \/>\nFlavio Neftal\u00ed D\u00edaz,<br \/>\nEdiciones La Rana<br \/>\nPresentan: Conrado J. Arranz M\u00ednguez, Aidee Balderas Medina y el autor,<br \/>\ncon acompa\u00f1amiento musical de Los D\u00edaz del Real<br \/>\nModera: Mauricio V\u00e1zquez Gonz\u00e1lez<br \/>\nAUDITORIO BERNARDO QUINTANA (1 H 30 MIN).<br \/>\nDE 18:00 A 19:30 HRS.<\/p>\n<p>Presentaci\u00f3n editorial<br \/>\n<strong>Colecci\u00f3n de libros del Premio Nacional de Investigaci\u00f3n Hist\u00f3rica<\/strong><br \/>\nF\u00f3rum Cultural Guanajuato<br \/>\nParticipan: Ram\u00f3n Ignacio Lemus Mu\u00f1oz Ledo, Miguel Santos Salinas y Maricarmen Mart\u00ednez Navarrete<br \/>\nMuseo de Artes e Historia de Guanajuato<br \/>\nPABELL\u00d3N GUANAJUATO<br \/>\nDE 18:00 A 18:45 HRS<\/p>\n<p>Presentaci\u00f3n editorial<br \/>\n<strong>Las judeas en Guanajuato<\/strong><br \/>\nEdiciones La Rana<br \/>\nPresentan: Laura Corvera y Javier Rodr\u00edguez<br \/>\nPABELL\u00d3N GUANAJUATO<br \/>\nDE 19:00 A 19:45 HRS<\/p>\n<p><strong><span style=\"color: #003366;\">MI\u00c9RCOLES 1 DE MARZO<\/span><\/strong><\/p>\n<p>Presentaci\u00f3n editorial<br \/>\n<strong>La Ciudad de los bosques<\/strong> y<br \/>\n<strong>Autobiograf\u00eda<\/strong> de Emiliano Gonz\u00e1lez<br \/>\nPresentan: Miguel Lupi\u00e1n, Beatriz \u00c1lvarez Klein e Iliana Vargas<br \/>\nUniversidad de Guanajuato<br \/>\nCAPILLA (1 H 30 MIN).<br \/>\nDE 14:00 A 15:30 HRS.<\/p>\n<p>Presentaci\u00f3n editorial<br \/>\n<strong>Lo fant\u00e1stico y lo siniestro en la obra de Guillermo del Toro<\/strong><br \/>\nde Rogelio Castro<br \/>\nPresenta: Bernardo Fern\u00e1ndez (BEF) y el autor.<br \/>\nUniversidad de Guanajuato<br \/>\nPABELL\u00d3N GUANAJUATO<br \/>\nDE 15:00 A 15:45 HRS<\/p>\n<p>Presentaci\u00f3n editorial<br \/>\n<strong>San Miguel de Allende, su ADN<\/strong><br \/>\nJes\u00fas Ibarra<br \/>\nPresentan: Jaime Fern\u00e1ndez M. Harris y el autor<br \/>\nInstituto Allende<br \/>\nPABELL\u00d3N GUANAJUATO<br \/>\nDE 17:00 A 17:45 HRS<\/p>\n<p>Presentaci\u00f3n editorial<br \/>\n<strong>Colecci\u00f3n de los Premios de Literatura de Le\u00f3n<\/strong><br \/>\nPresenta: Galia Monz\u00f3n y Francisco Andrade<br \/>\nInstituto Cultural de Le\u00f3n<br \/>\nPABELL\u00d3N GUANAJUATO<br \/>\nDE 18:00 A 18:45 HRS<\/p>\n<p>Presentaci\u00f3n editorial<br \/>\n<strong>Segovia. Sentido y resistencia<\/strong><br \/>\nde Daniel Ayala Bertoglio<br \/>\nPresentan: Jos\u00e9 Mar\u00eda Espinasa y el autor<br \/>\nUniversidad de Guanajuato<br \/>\nAUDITORIO CUATRO (45 MIN).<br \/>\nDE 19:00 A 19:45 HRS.<\/p>\n<p><span style=\"color: #003366;\"><strong>JUEVES 2 DE MARZO<\/strong><\/span><\/p>\n<p>Presentaci\u00f3n editorial<br \/>\n<strong>Un mundo de sombras camina a mi lado.<\/strong><br \/>\n<strong>Estudios cr\u00edticos de la obra de Amparo D\u00e1vila.<\/strong><br \/>\nVarios autores.<br \/>\nPresentan: Claudia Guti\u00e9rrez, Jazm\u00edn Tapia y Bibiana Camacho<br \/>\nUniversidad de Guanajuato<br \/>\nPABELL\u00d3N GUANAJUATO<br \/>\nDE 13:00 A 13:45 HRS.<\/p>\n<p>Presentaci\u00f3n editorial<br \/>\n<strong>Jes\u00fas Gallardo. De la bruma a la l\u00ednea<\/strong><br \/>\nde Jos\u00e9 de Santiago Silva<br \/>\nEdiciones La Rana<br \/>\nPresentan: Miguel Mor\u00e1n y el autor<br \/>\nModera: Miguel Mor\u00e1n<br \/>\nSAL\u00d3N DE LA ACADEMIA DE INGENIER\u00cdA<br \/>\nDE 13:00 A 13:45 HRS.<\/p>\n<p>Presentaci\u00f3n editorial<br \/>\n<strong>Narrativas. Tiempo de pandemia Covid 19<\/strong><br \/>\nCoordinadoras: Rosa L\u00f3pez Flores y Claudia Gabriela Borunda Aguilar<br \/>\nSecretar\u00eda de Educaci\u00f3n de Guanajuato<br \/>\nSAL\u00d3N DE LA ACADEMIA DE INGENIER\u00cdA (45 MIN).<br \/>\nDE 16:00 A 16:45 HRS<\/p>\n<p>Homenaje a Jorge Ibarg\u00fcengoitia<br \/>\npor su 40 aniversario luctuoso.<br \/>\nPresentaci\u00f3n editorial<br \/>\n<strong>Jorge Ibarg\u00fcengoitia: Un escritor entre ruinas.<\/strong><br \/>\n<strong>Biograf\u00eda literaria<\/strong><br \/>\nde Alejandro L\u00e1mbarry<br \/>\nUniversidad de Guanajuato<br \/>\nPresentan: Ana Garc\u00eda Bergua, V\u00edctor D\u00edaz Arciniega y el autor<br \/>\nCAPILLA (1 H 30 MIN).<br \/>\nDE 17:00 A 18:30 HRS.<\/p>\n<p>Mesa de presentaciones editoriales<br \/>\n<strong>3 novelas sobre La cara oscura de Guanajuato<\/strong><br \/>\n<strong>La huerta<\/strong>, de J. J. Mason<br \/>\n<strong>El jurado est\u00e1 deliberando<\/strong>, de Pedro Luis Ch\u00e1vez Aguado<br \/>\n<strong>La fe de los desalmados<\/strong>, de Alex V. Luviano<br \/>\nPresentan: Arielle Melgar y los autores<br \/>\nGrupo Editorial Letras Negras<br \/>\nPABELL\u00d3N GUANAJUATO<br \/>\n17:00 a 17:45 HRS.<\/p>\n<p>Presentaci\u00f3n editorial<br \/>\n<strong>Actual N\u00b03. Edici\u00f3n facsimilar de la revista<\/strong><br \/>\n<strong>a 100 a\u00f1os (2022) de su aparici\u00f3n.<\/strong><br \/>\nCol. Estanquillo<br \/>\nUniversidad de Guanajuato<br \/>\nPresentan: Salvador Gallardo Cabrera,<br \/>\nElissa J. Rashkin, Fernando Salazar Torres y Anuar Jalife Jacobo<br \/>\nUniversidad de Guanajuato<br \/>\nPABELL\u00d3N GUANAJUATO<br \/>\nDE 18:00 A 18:45 HRS<\/p>\n<p>Presentaci\u00f3n editorial<br \/>\n<strong>Eleg\u00eda para un asesino<\/strong><br \/>\nde Daniel Silva<br \/>\nCol. Fondo para las Letras Guanajuatenses<br \/>\nEdiciones la Rana<br \/>\nPresentan: Jorge Omar Mu\u00f1oz y el autor<br \/>\nPABELL\u00d3N GUANAJUATO<br \/>\nDE 19:00 A 19:45 HRS<\/p>\n<p><strong>VIERNES 3 DE MARZO<\/strong><\/p>\n<p>Presentaci\u00f3n editorial<br \/>\n<strong>Emilio Uranga: A\u00f1os de Alemania (1952 \u2013 1956)<\/strong><br \/>\nCoedici\u00f3n entre Bonilla Artigas Editores, Universidad Aut\u00f3noma de M\u00e9xico,<br \/>\nUniversidad de Guanajuato y Ediciones La Rana<br \/>\nPresenta: Adolfo Casta\u00f1\u00f3n.<br \/>\nModera: Armando G\u00f3mez Villalpando<br \/>\nAUDITORIO BERNARDO QUINTANA (1 H 30 MIN)<br \/>\nDE 13:00 A 14:30 HRS<\/p>\n<p>Presentaci\u00f3n editorial<br \/>\n<strong>La concepci\u00f3n de la Historia<\/strong><br \/>\n<strong>en la obra de Wigberto Jim\u00e9nez Moreno<\/strong><br \/>\nde V\u00edctor Alfonso Ben\u00edtez Corona<br \/>\nEdiciones La Rana<br \/>\nPresenta; Dr. Jos\u00e9 Luis Bermeo y Mtro. Enrique Avil\u00e9s<br \/>\nModera: Enrique Avil\u00e9s<br \/>\nAUDITORIO CUATRO (45 MIN)<br \/>\nDE 16:00 A 16:45 HRS.<\/p>\n<p>Presentaci\u00f3n editorial<br \/>\n<strong>Despu\u00e9s de la heroica fase de exploraci\u00f3n.<\/strong><br \/>\n<strong>La historiograf\u00eda urbana en Am\u00e9rica Latina.<\/strong><br \/>\nPresenta: Gerardo Mart\u00ednez Delgado<br \/>\nUniversidad de Guanajuato<br \/>\nDirecci\u00f3n de Ciencia Sociales y Humanidades (DCSy H)<br \/>\ncampus Gto.<br \/>\nPABELL\u00d3N GUANAJUATO<br \/>\nDE 16:00 A 16:45 HRS.<\/p>\n<p>Presentaci\u00f3n editorial<br \/>\n<strong>S\u00f3lo es tiempo<\/strong><br \/>\nde Jorge Olmos Fuentes<br \/>\nEditorial Los Otros Libros<br \/>\nFondo Editorial Guanajuato<br \/>\nPresentan: Jos\u00e9 Antonio Banda y el autor<br \/>\nModera: Jos\u00e9 Antonio Banda<br \/>\nPABELL\u00d3N GUANAJUATO<br \/>\nDE 17:00 A 17:45 HRS.<\/p>\n<p>Presentaci\u00f3n editorial<br \/>\n<strong>Jazzamoart. Viaje al fondo de la pintura<\/strong><br \/>\nPresentan: Jazzamoart, padre e hijo.<br \/>\nLa Cabra Ediciones<br \/>\nAUDITORIO CUATRO (45 MIN)<br \/>\nDE 18:00 A 18:45 HRS.<\/p>\n<p>Presentaci\u00f3n editorial<br \/>\n<strong>Ch\u00e1vez Morado en blanco y negro<\/strong><br \/>\nUniversidad La Salle \/ Ed. Artes de M\u00e9xico<br \/>\nPresentan: Grisell Villasana, Maricarmen Aranda y Margarita de Orellana<br \/>\nModera: Mauricio V\u00e1zquez Gonz\u00e1lez<br \/>\nPABELL\u00d3N GUANAJUATO<br \/>\nDE 18:00 A 18:45 HRS<\/p>\n<p>Presentaci\u00f3n editorial<br \/>\n<strong>De las narrativas transmedia al dise\u00f1o de aprendizaje transmedia<\/strong><br \/>\nde Nohem\u00ed Lugo Rodr\u00edguez<br \/>\nUniversidad Iberoamericana Campus Le\u00f3n (IBERO)<br \/>\nPresentan: Gabiela Elisa Sued (IIA UNAM)<br \/>\nPABELL\u00d3N GUANAJUATO<br \/>\nDE 19:00 A 19:45 HRS<\/p>\n<p><span style=\"color: #003366;\"><strong>S\u00c1BADO 4 DE MARZO<\/strong><\/span><\/p>\n<p>Presentaci\u00f3n editorial<br \/>\n<strong>La edici\u00f3n cr\u00edtica y la edici\u00f3n anotada:<\/strong><br \/>\n<strong>consideraciones te\u00f3rico-metodol\u00f3gicas en torno a la literatura mexicana<\/strong><br \/>\nCoordinadora: Flor Aguilera Navarrete<br \/>\nDirecci\u00f3n de Ciencias Sociales y Humanidades campus Gto. (DCSyH)<br \/>\nUniversidad de Guanajuato<br \/>\nPABELL\u00d3N GUANAJUATO<br \/>\nDE 11:00 A 11:45 HRS<\/p>\n<p>Presentaci\u00f3n editorial<br \/>\n<strong>Historias y tradiciones de mi comunidad<\/strong><br \/>\nPresentan: Cirilo de Santiago Mart\u00ednez e<br \/>\nIsa\u00edas de Santiago S\u00e1nchez, compilador y traductor, respectivamente.<br \/>\nCol. Guanajuato Alas y Ra\u00edces<br \/>\nCentro de las Artes de Guanajuato<br \/>\nModera: Graciela Elizarrar\u00e1s<br \/>\nPABELL\u00d3N GUANAJUATO<br \/>\nDE 12:00 A 12:45 HRS<\/p>\n<p>Presentaci\u00f3n editorial<br \/>\n<strong>El viento y la dulcamara. <\/strong><br \/>\n<strong>La po\u00e9tica del ser en la obra escrita de Juan Rulfo.<\/strong><br \/>\n<strong>Un di\u00e1logo entre filosof\u00eda y literatura.<\/strong><br \/>\nDirecci\u00f3n de Ciencias Sociales y Humanidades Campus Gto. (DCSyH)<br \/>\nUniversidad de Guanajuato<br \/>\nPresenta: Francisco Manuel L\u00f3pez Garc\u00eda<br \/>\nAUDITORIO SOTERO PRIETO (45 MIN)<br \/>\nDE 12:00 A 12:45 HRS<\/p>\n<p>Presentaci\u00f3n editorial<br \/>\n<strong>Libro conmemorativo 50 aniversario<\/strong><br \/>\n<strong>del Festival Internacional Cervantino (FIC50)<\/strong><br \/>\nVarios autores<br \/>\nInstituto Estatal de la Cultura de Guanajuato<br \/>\nPresentan: Juan Jos\u00e9 \u00c1lvarez Brunel, Adriana Camarena de Obeso, Mariana Aymerich Ord\u00f3\u00f1ez y Fernando Macotela<br \/>\nModera: Mauricio V\u00e1zquez Gonz\u00e1lez<br \/>\nSAL\u00d3N DE ACTOS (1 H 30 MIN).<br \/>\nDE 13:00 A 14:30 HRS.<\/p>\n<p>Mesa de reflexi\u00f3n<br \/>\n<strong>Fondo Editorial Guanajuato: 10 a\u00f1os<\/strong><br \/>\nParticipan: Carlos Alvear, Pablo Paniagua, Juan Jos\u00e9 de Giovannini, Javier Orozco Valverde, Ana Paulina Calivillo y Adri\u00e1n Mart\u00ednez<br \/>\nModera: Ra\u00fal Bravo<br \/>\nPABELL\u00d3N GUANAJUATO<br \/>\nDE 13:00 A 13:45 HRS<\/p>\n<p>Presentaci\u00f3n editorial<br \/>\n<strong>Le\u00f3n en la piel<\/strong><br \/>\n<strong>Estampas de nuestra curtidur\u00eda en el tiempo<\/strong><br \/>\nEdiciones Tlacuilo<br \/>\nPresentan: Leopoldo Navarro y Rodolfo Herrera P\u00e9rez<br \/>\nModera: Leopoldo Navarro<br \/>\nPABELL\u00d3N GUANAJUATO<br \/>\nDE 14:00 A 14:45 HRS<\/p>\n<p>A 40 del fallecimiento de Jorge Ibarg\u00fcengoitia<br \/>\nPresentaci\u00f3n editorial<br \/>\n<strong>Olafo y los amigos.<\/strong><br \/>\n<strong>Jorge Ibarg\u00fcengoitia y el avionazo de Avianca en 1983<\/strong><br \/>\nEdiciones La Rana<br \/>\nPresentan: Flor Esther Aguilera Navarrete, Carlos Ulises Mata.<br \/>\nModera: Amaranta Caballero<br \/>\nSAL\u00d3N DE LA ACADEMIA DE INGENIER\u00cdA (45 MIN).<br \/>\nDE 17:00 A 17:45 HRS.<\/p>\n<p>Presentaci\u00f3n editorial<br \/>\n<strong>Recetario para la memoria Guanajuato<\/strong><br \/>\nParticipan: Alejandra D\u00edaz (Buscadoras Guanajuato), Clarisa Moura (Dise\u00f1adora editorial)<br \/>\ny Jessica Alc\u00e1zar (Art\u00edculo 19)<br \/>\nUniversidad Iberoamericana Campus Le\u00f3n (IBERO)<br \/>\nPABELL\u00d3N GUANAJUATO<br \/>\nDE 17:00 A 17:45 HRS.<\/p>\n<p>Presentaci\u00f3n editorial<br \/>\n<strong>Discurso desde la cama<\/strong><br \/>\nde Paulina Mendoza<br \/>\nCol. Fondo para las Letras Guanajuatenses<br \/>\nEdiciones La Rana<br \/>\nPresentan: Anaclara Muro y la autora<br \/>\nPABELL\u00d3N GUANAJUATO<br \/>\nDE 18:00 A 18:45 HRS.<\/p>\n<p>Presentaci\u00f3n editorial<br \/>\n<strong>El resplandor artificial<\/strong><br \/>\nde Marina Porcelli<br \/>\nEdiciones E1<br \/>\nPresentan: Alejandro Arteaga y la autora<br \/>\nModera: Juan Jos\u00e9 de Giovannini<br \/>\nPABELL\u00d3N GUANAJUATO<br \/>\nDE 19:00 A 19:45 HRS.<\/p>\n<p><strong>DOMINGO 5 DE MARZO<\/strong><\/p>\n<p>Concierto<br \/>\n<strong>Banda de M\u00fasica del Estado de Guanajuato<\/strong><br \/>\nCompositores Guanajuatenses<br \/>\nInstituto Estatal de la Cultura de Guanajuato<br \/>\nSAL\u00d3N DE ACTOS (1 H 30 MIN)<br \/>\nDE 11:00 A 12:30 HRS.<\/p>\n<p>Presentaci\u00f3n editorial<br \/>\n<strong>Los cuentos de don Trini, Vol. I y II<\/strong><br \/>\nNarraciones en lengua chichimeca-jon\u00e1s \/espa\u00f1ol<br \/>\nde Jos\u00e9 Trinidad Garc\u00eda Ram\u00edrez<br \/>\nCol. Barcos de Papel<br \/>\nEdiciones la Rana<br \/>\nPresentan: Juan Baeza L\u00f3pez, Liliana P\u00e9rez Estrada y el autor.<br \/>\nModera: Liliana P\u00e9rez Estrada<br \/>\nPABELL\u00d3N GUANAJUATO<br \/>\nDe 12:00 A 12:45 HRS<\/p>\n<p>Presentaci\u00f3n editorial<br \/>\n<strong>El riel de la memoria<\/strong><br \/>\n<strong>Testimonios sobre la vida ferrocarrilera<\/strong><br \/>\nde Amigos del Ferrocarril, Ac\u00e1mbaro A.C.<br \/>\nEdiciones La Rana<br \/>\nPresentan: J. Jes\u00fas Cervantes Guzm\u00e1n y Enrique Avil\u00e9s<br \/>\nModera: Mauricio V\u00e1zquez Gonz\u00e1lez<br \/>\nSAL\u00d3N DE FIRMAS (45 MIN).<br \/>\nDE 13:00 A 13:45 HRS.<\/p>\n<p>Mesa de reflexi\u00f3n<br \/>\n<strong>El arte popular guanajuatense:<\/strong><br \/>\n<strong>Riqueza cultural de M\u00e9xico:<\/strong><br \/>\n<strong>Juguete Popular. Arte popular guanajuatense, Cocina tradicional, Tortillas ceremoniales<\/strong><br \/>\nParticipan: Javier Rodr\u00edguez, F\u00e1tima Aguilar y Laura Corvera<br \/>\nInstituto Estatal de la Cultura de Guanajuato<br \/>\nCentro de las Artes de Guanajuato<br \/>\nPABELL\u00d3N GUANAJUATO<br \/>\nDE 14:00 A 14:45 HRS<\/p>\n<p>Presentaci\u00f3n editorial<br \/>\n<strong>Efra\u00edn Huerta. Reportajes a Dios dar<\/strong><br \/>\n<strong>Un a\u00f1o en As\u00ed (1940-1941)<\/strong><br \/>\nde Antonio Cajero y Sergio Ugalde, editores.<br \/>\nEdiciones La Rana<br \/>\nCAPILLA (1 H ).<br \/>\nDE 15:00 A 16:00 HRS.<\/p>\n<p>Presentaci\u00f3n editorial<br \/>\n<strong>Buenos, malos y feos en la era de Diego Rivera<\/strong><br \/>\nde Ernesto El Chango Garc\u00eda Cabral<br \/>\nEdiciones La Rana<br \/>\nPresentan: Gloria Mandonado Ans\u00f3, Arturo L\u00f3pez Rodr\u00edguez y Ernesto Garc\u00eda Cabral Sanz<br \/>\nAUDITORIO CUATRO.<br \/>\nDe 16:00 A 16:45 HRS.<\/p>\n<p>Presentaci\u00f3n editorial<br \/>\n<strong>Turismo de casas imposibles<\/strong><br \/>\nde Kareve Gasca<br \/>\nEditorial Los Otros Libros\/<br \/>\nPresentan: Ana Paulina Calvillo y la autora<br \/>\nPABELL\u00d3N GUANAJUATO<br \/>\nDE 17:00 A 17:45 HRS.<\/p>\n<p>Presentaci\u00f3n editorial<br \/>\n<strong>Aqu\u00ed nadie habla solo<\/strong><br \/>\nde Montserrath Campos S\u00e1nchez<br \/>\nPresentan: Melinna Guerrero y la autora<br \/>\nEdiciones La Rana<br \/>\nPABELL\u00d3N GUANAJUATO<br \/>\nDE 18:00 A 18:45 HRS.<\/p>\n<p>Presentaci\u00f3n editorial<br \/>\n<strong>Los Zentros<\/strong><br \/>\nde Emmanuel Vizcaya<br \/>\nEditorial Sindicato Sentimental \/<br \/>\nPresentan: Adri\u00e1n Mart\u00ednez y el autor<br \/>\nPABELL\u00d3N GUANAJUATO<br \/>\nDE 19:00 A 19:45 HRS.<\/p>\n","protected":false},"excerpt":{"rendered":"<p>47 Feria Internacional del Libro del Palacio de Miner\u00eda 2023 Del 23 de febrero al 6 de marzo Guanajuato: Escrito con Grandeza Estado invitado Programa general *Sujeto a cambios de [&hellip;]<\/p>\n","protected":false},"author":5,"featured_media":7874,"comment_status":"closed","ping_status":"closed","sticky":false,"template":"","format":"standard","meta":{"footnotes":""},"categories":[15],"tags":[278,277,247,279],"class_list":["post-7873","post","type-post","status-publish","format-standard","hentry","category-cartelera-de-eventos","tag-estado-invitado","tag-feria","tag-feria-del-libro","tag-filpm"],"_links":{"self":[{"href":"https:\/\/cultura.guanajuato.gob.mx\/index.php\/wp-json\/wp\/v2\/posts\/7873","targetHints":{"allow":["GET"]}}],"collection":[{"href":"https:\/\/cultura.guanajuato.gob.mx\/index.php\/wp-json\/wp\/v2\/posts"}],"about":[{"href":"https:\/\/cultura.guanajuato.gob.mx\/index.php\/wp-json\/wp\/v2\/types\/post"}],"author":[{"embeddable":true,"href":"https:\/\/cultura.guanajuato.gob.mx\/index.php\/wp-json\/wp\/v2\/users\/5"}],"replies":[{"embeddable":true,"href":"https:\/\/cultura.guanajuato.gob.mx\/index.php\/wp-json\/wp\/v2\/comments?post=7873"}],"version-history":[{"count":5,"href":"https:\/\/cultura.guanajuato.gob.mx\/index.php\/wp-json\/wp\/v2\/posts\/7873\/revisions"}],"predecessor-version":[{"id":7902,"href":"https:\/\/cultura.guanajuato.gob.mx\/index.php\/wp-json\/wp\/v2\/posts\/7873\/revisions\/7902"}],"wp:featuredmedia":[{"embeddable":true,"href":"https:\/\/cultura.guanajuato.gob.mx\/index.php\/wp-json\/wp\/v2\/media\/7874"}],"wp:attachment":[{"href":"https:\/\/cultura.guanajuato.gob.mx\/index.php\/wp-json\/wp\/v2\/media?parent=7873"}],"wp:term":[{"taxonomy":"category","embeddable":true,"href":"https:\/\/cultura.guanajuato.gob.mx\/index.php\/wp-json\/wp\/v2\/categories?post=7873"},{"taxonomy":"post_tag","embeddable":true,"href":"https:\/\/cultura.guanajuato.gob.mx\/index.php\/wp-json\/wp\/v2\/tags?post=7873"}],"curies":[{"name":"wp","href":"https:\/\/api.w.org\/{rel}","templated":true}]}}