{"id":8315,"date":"2023-08-25T21:32:39","date_gmt":"2023-08-25T21:32:39","guid":{"rendered":"https:\/\/cultura.guanajuato.gob.mx\/?p=8315"},"modified":"2023-08-28T16:55:10","modified_gmt":"2023-08-28T16:55:10","slug":"programa-cuarto-foro-virtual-del-libro","status":"publish","type":"post","link":"https:\/\/cultura.guanajuato.gob.mx\/index.php\/2023\/08\/25\/programa-cuarto-foro-virtual-del-libro\/","title":{"rendered":"programa cuarto foro virtual del libro"},"content":{"rendered":"<p><a href=\"https:\/\/cultura.guanajuato.gob.mx\/index.php\/2023\/08\/25\/programa-cuarto-foro-virtual-del-libro\/slide-foro-virtual-del-libro-2023\/\" rel=\"attachment wp-att-8321\"><img loading=\"lazy\" decoding=\"async\" class=\"size-full wp-image-8321 aligncenter\" src=\"https:\/\/cultura.guanajuato.gob.mx\/wp-content\/uploads\/2023\/08\/Slide-Foro-Virtual-del-Libro-2023.jpg\" alt=\"\" width=\"780\" height=\"380\" srcset=\"https:\/\/cultura.guanajuato.gob.mx\/wp-content\/uploads\/2023\/08\/Slide-Foro-Virtual-del-Libro-2023.jpg 780w, https:\/\/cultura.guanajuato.gob.mx\/wp-content\/uploads\/2023\/08\/Slide-Foro-Virtual-del-Libro-2023-300x146.jpg 300w, https:\/\/cultura.guanajuato.gob.mx\/wp-content\/uploads\/2023\/08\/Slide-Foro-Virtual-del-Libro-2023-768x374.jpg 768w\" sizes=\"auto, (max-width: 780px) 100vw, 780px\" \/><\/a><\/p>\n<p><strong>IV Foro Virtual del Libro<\/strong><br \/>\n<em><strong>Leer en llamas<\/strong><\/em><br \/>\nDel 28 de agosto al 1 de septiembre de 2023<br \/>\nPa\u00edses participantes: Argentina, B\u00e9lgica, Chile, Espa\u00f1a, Estados Unidos, Uruguay, M\u00e9xico.<br \/>\nTransmisi\u00f3n en streaming por Facebook desde: <a href=\"https:\/\/www.facebook.com\/EdicionesLaRana\" target=\"_blank\" rel=\"noopener\">Ediciones La Rana<\/a><\/p>\n<p><a href=\"https:\/\/cultura.guanajuato.gob.mx\/wp-content\/uploads\/2023\/08\/IV-Foro-Virtual-del-Libro.pdf\" target=\"_blank\" rel=\"noopener\">Programa general disponible en PDF<\/a><\/p>\n<p><strong>Programa<\/strong><\/p>\n<p><strong>Lunes 28<\/strong><\/p>\n<p>Ciclo poes\u00eda en un minuto<br \/>\nAleqs Garrig\u00f3z<br \/>\nUniversidad de Guanajuato<br \/>\n11:00 horas<\/p>\n<p>Ciclo Narrativas en un minuto<br \/>\n<strong>Karla Kareve Gasca<\/strong><br \/>\nLos otros libros<br \/>\n12:00 horas<\/p>\n<p>Entrevista<br \/>\nLibros de artista<br \/>\n<strong>Flor Bosco y Daniel Guti\u00e9rrez<\/strong><br \/>\nModera: Amaranta Caballero<br \/>\n13:00<\/p>\n<p>Presentaci\u00f3n Editorial<br \/>\nCosas que no contar\u00e9 a mis padres<br \/>\n<strong>Autor: Sabina Orozco<\/strong><br \/>\nEditorial Malabar<br \/>\nPresenta: Olivia Teroba y la autora<br \/>\n14:00 horas<\/p>\n<p>Ciclo de poes\u00eda en un minuto<br \/>\n<strong>Jorge Olmos Fuentes<\/strong><br \/>\nEdiciones La Rana<br \/>\n16:00 horas<\/p>\n<p>Presentaci\u00f3n Editorial<br \/>\nArgentina<br \/>\nCumbia para camaleones<br \/>\n<strong>Autor: Valeria Correa<\/strong><br \/>\nEditorial E 1<br \/>\nPresentan: Elvira Popova y la autora<br \/>\n17:00 horas<\/p>\n<p>Presentaci\u00f3n Editorial<br \/>\nHermano<br \/>\n<strong>Autor: M\u00f3nica Licea<\/strong><br \/>\nEditorial Revarena<br \/>\nPresentan: Mariana P\u00e9rez y la autora<br \/>\n18:00 horas<\/p>\n<p>Presentaci\u00f3n Editorial<br \/>\nDiscurso desde la cama<br \/>\n<strong>Autor: Paulina Mendoza<\/strong><br \/>\nEdiciones La Rana<br \/>\nPresentan: Paloma Sierra y la autora<br \/>\n19:00 horas<\/p>\n<p>Retransmisi\u00f3n Homenaje Centenario de Natalicio<br \/>\nUruguay<br \/>\nEl mundo pasaba por M\u00e9xico<br \/>\nEntrevista a Ida Vitale<br \/>\n<strong>Modera: Lilia Sol\u00f3rzano Esqueda<\/strong><br \/>\n20:00 horas<\/p>\n<p><strong>Martes 29<\/strong><\/p>\n<p>Ciclo narrativas en un minuto<br \/>\n<strong>\u00c1mbar Eugenia Gallardo Jones<\/strong><br \/>\nInstituto Cultural de Le\u00f3n<br \/>\n11:00 horas<\/p>\n<p>Ciclo poes\u00eda en un minuto<br \/>\n<strong>Galia Monz\u00f3n<\/strong><br \/>\nInstituto Cultural de Le\u00f3n<br \/>\n12:00 horas<\/p>\n<p>Entrevista<br \/>\nB\u00e9lgica<br \/>\nLibros latinoamericanos en Europa<br \/>\n<strong>Daniel Rojas Pachas<\/strong><br \/>\nModera: Amaranta Caballero<br \/>\n13:00 horas<\/p>\n<p>Ciclo Narrativas en un minuto<br \/>\n<strong>Mar\u00eda Edith Vel\u00e1zquez<\/strong><br \/>\nCol. Fondo para las Letras Guanajuatenses<br \/>\nEdiciones La Rana<br \/>\n14:00 horas<\/p>\n<p>Ciclo de poes\u00eda en un minuto<br \/>\n<strong>Mois\u00e9s Maldonado<\/strong><br \/>\nCol. Fondo para las Letras Guanajuatenses<br \/>\nEdiciones La Rana<br \/>\n16:00 horas<\/p>\n<p>Presentaci\u00f3n Editorial<br \/>\nEspa\u00f1a<br \/>\nParte de lesiones<br \/>\n<strong>Autor: Mar\u00eda Velasco<\/strong><br \/>\nEditorial Lau\u00d1aRoTa<br \/>\nPresentan: Juan Manuel Garc\u00eda Belmonte y la autora<br \/>\n17:00 horas<\/p>\n<p>Presentaci\u00f3n Editorial<br \/>\nDominio<br \/>\n<strong>Autor: Claudina Domingo<\/strong><br \/>\nEditorial Sexto Piso<br \/>\nPresenta: Mar\u00eda Edith Vel\u00e1zquez y la autora<br \/>\n18:00 horas<\/p>\n<p>Presentaci\u00f3n Editorial<br \/>\nCelebraci\u00f3n 100 a\u00f1os de v(Ida): Vitale<br \/>\nClaro rastro del mundo oscurecido<br \/>\n<strong>Autor: Luis Paniagua<\/strong><br \/>\nFondo Editorial del Estado de Morelos<br \/>\nPresenta: Leopoldo Orozco y el autor<br \/>\n19:00 horas<\/p>\n<p>Entrevista<br \/>\nHouston (Estados Unidos)<br \/>\n<strong>Cristina Rivera Garza<\/strong><br \/>\nLibro Me llamo cuerpo que no est\u00e1<br \/>\nModera: Amaranta Prado Caballero<br \/>\n20:00 horas<\/p>\n<p><strong>Mi\u00e9rcoles 30<\/strong><\/p>\n<p>Ciclo de Poes\u00eda en un minuto<br \/>\n<strong>Ulises Torres<\/strong><br \/>\nCol. Fondo para las letras guanajuatenses<br \/>\nEdiciones La Rana<br \/>\n11:00 horas<\/p>\n<p>Ciclo Narrativas en un minuto<br \/>\n<strong>Sara Mu\u00f1oz Maldonado<\/strong><br \/>\nCol. Fondo para las letras guanajuatenses<br \/>\nEdiciones La Rana<br \/>\n12:00 horas<\/p>\n<p>Entrevista<br \/>\nChile. Regi\u00f3n de Magallanes<br \/>\nLibro El correo del viento<br \/>\n<strong>\u00d3scar Barrientos<\/strong><br \/>\nModera: Amaranta Caballero<br \/>\n13:00 horas<\/p>\n<p>Ciclo poes\u00eda en un minuto<br \/>\n<strong>Al\u00ed Rend\u00f3n<\/strong><br \/>\nInstituto de Arte y Cultura de Celaya<br \/>\n14:00 horas<\/p>\n<p>Ciclo poes\u00eda en un minuto<br \/>\n<strong>Marjha Paulino<\/strong><br \/>\nInstituto de Cultura de Le\u00f3n<br \/>\n16:00 horas<\/p>\n<p>Presentaci\u00f3n Editorial<br \/>\nLa verdad tambi\u00e9n se inventa<br \/>\n<strong>Lagartijas tiradas al sol<\/strong><br \/>\nSin Resentimiento Ediciones<br \/>\nPresentan: L\u00e1zaro Gabino y Luisa Pardo<br \/>\nModera: Elvira Popova<br \/>\n17:00 horas<\/p>\n<p>Presentaci\u00f3n Editorial<br \/>\nAqu\u00ed nadie habla solo<br \/>\n<strong>Montserrath Campos<\/strong><br \/>\nEdiciones La Rana<br \/>\nPresentan: Ana Clavel y la autora<br \/>\n18:00 horas<\/p>\n<p>Conversatorio<br \/>\nLos andamios de las librer\u00edas independientes: una suma colectiva<br \/>\n<strong>Participan: Agustina Villella, Marah Rahab Bautista, Ceci Castro, Vero Cort\u00e9s<\/strong><br \/>\nModera: Pablo Rodr\u00edguez<br \/>\n19:00 horas<\/p>\n<p>Ciclo de poes\u00eda en un minuto<br \/>\n<strong>Baudelio Camarillo<\/strong><br \/>\nInstituto de Arte y Cultura de Guanajuato<br \/>\n20:00 horas<\/p>\n<p>Jueves 31<\/p>\n<p>Ciclo Narrativas en un minuto<br \/>\n<strong>C\u00f3rvido Ram\u00edrez<\/strong><br \/>\nInstituto Municipal de Cultura de Celaya<br \/>\n11:00 horas<\/p>\n<p>Ciclo Narrativas en un minuto<br \/>\n<strong>Caleb Sol\u00f3rzano<\/strong><br \/>\nEditorial Savauge Atelier<br \/>\n12:00 horas<\/p>\n<p>Entrevista<br \/>\nHacer libros Hoy<br \/>\n<strong>Gustavo I\u00f1iguez<\/strong><br \/>\nEdiciones Espina Dorsal<br \/>\nModera: Amaranta Caballero<br \/>\n13:00 horas<\/p>\n<p>Ciclo de Narrativas en un minuto<br \/>\n<strong>Macaria Espa\u00f1a<\/strong><br \/>\nEditorial NitroPress<br \/>\n14:00 horas<\/p>\n<p>Conversatorio<br \/>\nSan Diego, Estados Unidos<br \/>\nVisitaciones<br \/>\n<strong>Olga Guti\u00e9rrez Galindo<\/strong><br \/>\n16:00 horas<\/p>\n<p>Presentaci\u00f3n Editorial<br \/>\nPrueba Ol\u00edmpica<br \/>\n<strong>Autor: Lorena Huitr\u00f3n<\/strong><br \/>\nElefanta Editorial<br \/>\nPresentan: Nict\u00e9 Toxqui y la autora<br \/>\n17:00 horas<\/p>\n<p>Presentaci\u00f3n editorial y de proyecto<br \/>\nDramaturgias ambulantes<br \/>\n<strong>Varios autores<\/strong><br \/>\nEdiciones Ambulante<br \/>\nPresentan: Itzhel Razo y Juan Manuel Garc\u00eda Belmonte<br \/>\n18:00 horas<\/p>\n<p>Conversatorio<br \/>\nEnsayismos. Actualidad y reflejos. Sendas de escrituras anf\u00edbicas<br \/>\n<strong>Presentan: Casandra G\u00f3mez, Natalia Durand, Gabriel Galavitz e Indra Cano<\/strong><br \/>\nModera: Casandra Cruz<br \/>\n19:00 horas<\/p>\n<p>Presentaci\u00f3n editorial<br \/>\nBifurcaciones literarias y atractores ca\u00f3ticos<br \/>\nAutor: Vicente Aboites<br \/>\nEdiciones La Rana<br \/>\n<strong>Presentan Luis Miguel Rionda y el autor<\/strong><br \/>\n20:00 horas<\/p>\n<p><strong>Viernes 1<\/strong><\/p>\n<p>Ciclo Narrativas en un minuto<br \/>\n<strong>Miguel Tolentino<\/strong><br \/>\nInstituto Cultural de Le\u00f3n<br \/>\n11:00 horas<\/p>\n<p>Taller de an\u00e1lisis literario<br \/>\nSesi\u00f3n 12 narradoras del siglo 21<br \/>\nCuento: El libro perdido de Heinrich B\u00f4l<br \/>\nDel libro Todos hemos perdido algo<br \/>\n<strong>Liliana Blum<\/strong><br \/>\nEditorial Tusquets<br \/>\nModera: Ana Paulina Calvillo<br \/>\n12:00 horas<\/p>\n<p>Entrevista<br \/>\nSantiago de Chile<br \/>\nAutogesti\u00f3n y producci\u00f3n de libros<br \/>\n<strong>Claudio Casta\u00f1eda (Cayo Caectus)<\/strong><br \/>\nModera: Amaranta Caballero<br \/>\n13:00 horas<\/p>\n<p>Entrevista<br \/>\nIquique, Chile<br \/>\nRevista Virtual de Literatura Paso Habilitado<br \/>\n<strong>Roberto Bustamante Covarrubias<\/strong><br \/>\nModera: Amaranta Caballero<br \/>\n14:00 horas<\/p>\n<p>Presentaci\u00f3n Editorial<br \/>\nEl teatro manifiesto<br \/>\n<strong>Autor: Ingrid Solana<\/strong><br \/>\nEditorial Los libros del perro<br \/>\nPresentan: Zel Cabrera y la autora<br \/>\n16:00 horas<\/p>\n<p>Tertulia en torno a los textos<br \/>\nPalabras prestadas y teatro de arena<br \/>\nObra del CUT 1963-2022<br \/>\nDrama Documental<br \/>\nEditorial UNAM\/CUT<br \/>\n<strong>Presentan: Mario Moncada y David Eudave<\/strong><br \/>\n17:00 horas<\/p>\n<p>Ponencia<br \/>\n70 a\u00f1os del Llano en llamas: La cocina del escritor<br \/>\nPonente: Alejandro Toledo<br \/>\n18:00 horas<\/p>\n<p>Presentaci\u00f3n Editorial<br \/>\nMarca de agua<br \/>\n<strong>Autor: Ana Paulina Calvillo<\/strong><br \/>\nCoedici\u00f3n Editorial Ficticia y Ediciones La Rana<br \/>\nPresentan: Mauricio V\u00e1zquez, Marcial Fern\u00e1ndez y la autora<br \/>\n19:00 horas<\/p>\n<p>Presentaci\u00f3n Editorial<br \/>\nEnsayos para una historia de Econom\u00eda dom\u00e9stica<br \/>\n<strong>Autor: Eva Casta\u00f1eda<\/strong><br \/>\nPresentan: Jorge Aguilera L\u00f3pez, y la autora<br \/>\n20:00 horas<\/p>\n<p>&nbsp;<\/p>\n<p>&nbsp;<\/p>\n<p>&nbsp;<\/p>\n<p>&nbsp;<\/p>\n<p>&nbsp;<\/p>\n<p>&nbsp;<\/p>\n<p>&nbsp;<\/p>\n<p>&nbsp;<\/p>\n<p>&nbsp;<\/p>\n<p>&nbsp;<\/p>\n<p>&nbsp;<\/p>\n<p>&nbsp;<\/p>\n<p>&nbsp;<\/p>\n<p>&nbsp;<\/p>\n","protected":false},"excerpt":{"rendered":"<p>IV Foro Virtual del Libro Leer en llamas Del 28 de agosto al 1 de septiembre de 2023 Pa\u00edses participantes: Argentina, B\u00e9lgica, Chile, Espa\u00f1a, Estados Unidos, Uruguay, M\u00e9xico. Transmisi\u00f3n en [&hellip;]<\/p>\n","protected":false},"author":5,"featured_media":0,"comment_status":"closed","ping_status":"closed","sticky":false,"template":"","format":"standard","meta":{"footnotes":""},"categories":[79],"tags":[],"class_list":["post-8315","post","type-post","status-publish","format-standard","hentry","category-literatura"],"_links":{"self":[{"href":"https:\/\/cultura.guanajuato.gob.mx\/index.php\/wp-json\/wp\/v2\/posts\/8315","targetHints":{"allow":["GET"]}}],"collection":[{"href":"https:\/\/cultura.guanajuato.gob.mx\/index.php\/wp-json\/wp\/v2\/posts"}],"about":[{"href":"https:\/\/cultura.guanajuato.gob.mx\/index.php\/wp-json\/wp\/v2\/types\/post"}],"author":[{"embeddable":true,"href":"https:\/\/cultura.guanajuato.gob.mx\/index.php\/wp-json\/wp\/v2\/users\/5"}],"replies":[{"embeddable":true,"href":"https:\/\/cultura.guanajuato.gob.mx\/index.php\/wp-json\/wp\/v2\/comments?post=8315"}],"version-history":[{"count":4,"href":"https:\/\/cultura.guanajuato.gob.mx\/index.php\/wp-json\/wp\/v2\/posts\/8315\/revisions"}],"predecessor-version":[{"id":8324,"href":"https:\/\/cultura.guanajuato.gob.mx\/index.php\/wp-json\/wp\/v2\/posts\/8315\/revisions\/8324"}],"wp:attachment":[{"href":"https:\/\/cultura.guanajuato.gob.mx\/index.php\/wp-json\/wp\/v2\/media?parent=8315"}],"wp:term":[{"taxonomy":"category","embeddable":true,"href":"https:\/\/cultura.guanajuato.gob.mx\/index.php\/wp-json\/wp\/v2\/categories?post=8315"},{"taxonomy":"post_tag","embeddable":true,"href":"https:\/\/cultura.guanajuato.gob.mx\/index.php\/wp-json\/wp\/v2\/tags?post=8315"}],"curies":[{"name":"wp","href":"https:\/\/api.w.org\/{rel}","templated":true}]}}