{"id":8358,"date":"2023-09-20T20:37:11","date_gmt":"2023-09-20T20:37:11","guid":{"rendered":"https:\/\/cultura.guanajuato.gob.mx\/?p=8358"},"modified":"2023-10-01T18:36:01","modified_gmt":"2023-10-01T18:36:01","slug":"convocatoria-pasillo-comic-2023","status":"publish","type":"post","link":"https:\/\/cultura.guanajuato.gob.mx\/index.php\/2023\/09\/20\/convocatoria-pasillo-comic-2023\/","title":{"rendered":"convocatoria pasillo comic 2023"},"content":{"rendered":"<p><a href=\"https:\/\/cultura.guanajuato.gob.mx\/index.php\/2023\/09\/20\/convocatoria-pasillo-comic-2023\/pasillo_comic_y_manga_slide\/\" rel=\"attachment wp-att-8359\"><img loading=\"lazy\" decoding=\"async\" class=\"alignnone size-full wp-image-8359 aligncenter\" src=\"https:\/\/cultura.guanajuato.gob.mx\/wp-content\/uploads\/2023\/09\/Pasillo_comic_y_manga_slide.png\" alt=\"\" width=\"780\" height=\"380\" srcset=\"https:\/\/cultura.guanajuato.gob.mx\/wp-content\/uploads\/2023\/09\/Pasillo_comic_y_manga_slide.png 780w, https:\/\/cultura.guanajuato.gob.mx\/wp-content\/uploads\/2023\/09\/Pasillo_comic_y_manga_slide-300x146.png 300w, https:\/\/cultura.guanajuato.gob.mx\/wp-content\/uploads\/2023\/09\/Pasillo_comic_y_manga_slide-768x374.png 768w\" sizes=\"auto, (max-width: 780px) 100vw, 780px\" \/><\/a><\/p>\n<div style=\"text-align: center;\"><strong>Convocatoria<\/strong><\/div>\n<div style=\"text-align: center;\"><strong>Pasillo del C\u00f3mic<\/strong><\/div>\n<div style=\"text-align: center;\"><strong>Festival de C\u00f3mic y Manga 2023<\/strong><\/div>\n<div><\/div>\n<div>El Instituto Estatal de la Cultura, a trav\u00e9s de la Biblioteca Central Estatal Wigberto Jim\u00e9nez Moreno, invita a artistas, editoriales, tiendas especializadas, e interesados en la promoci\u00f3n y difusi\u00f3n del c\u00f3mic y novela gr\u00e1fica a participar en el Pasillo del C\u00f3mic, a realizarse como parte del Festival del C\u00f3mic y Manga los d\u00edas 28, 29 y 30 de septiembre de 2023.<\/div>\n<div><\/div>\n<div><a href=\"https:\/\/cultura.guanajuato.gob.mx\/wp-content\/uploads\/2023\/09\/Pasillo-Comic-2023-Convocatoria.pdf\" target=\"_blank\" rel=\"noopener\">Descarga la convocatoria en PDF<\/a><\/div>\n<div><\/div>\n<div><\/div>\n<div><strong>Bases<\/strong><\/div>\n<div><\/div>\n<div>1. Se distribuir\u00e1n 28 lugares para exhibici\u00f3n y venta de c\u00f3mic y novela gr\u00e1fica divididos en 14 tablones.<\/div>\n<div><\/div>\n<div>2. Cada espacio es de 1 m de largo por 0.80 m de ancho. Cada tabl\u00f3n ser\u00e1 compartido por dos expositores si as\u00ed se considera necesario. Los tablones, manteles y sillas para los expositores ser\u00e1n proporcionados por la Biblioteca Central Estatal.<\/div>\n<div><\/div>\n<div>3. Por razones del espacio no se permitir\u00e1 mobiliario extra.<\/div>\n<div><\/div>\n<div>4. La convocatoria est\u00e1 abierta a partir de la publicaci\u00f3n de la misma y hasta el<strong> 25 de septiembre a las 18:00 horas.<\/strong><\/div>\n<div><\/div>\n<div>5. Los horarios de exhibici\u00f3n y venta ser\u00e1n: jueves 28, viernes 29 y s\u00e1bado 30 de septiembre, de 11:00 a 18:30 horas.<\/div>\n<div><\/div>\n<div>6. Cada expositor se compromete a cubrir en el horario se\u00f1alado la atenci\u00f3n de su espacio.<\/div>\n<div><\/div>\n<div>7. La Biblioteca Central no se hace responsable de la venta ni de los materiales que se exhiban, por lo que deber\u00e1n prever las medidas que consideren necesarias para su seguridad y atenci\u00f3n.<\/div>\n<div><\/div>\n<div>8. Las solicitudes de participaci\u00f3n se recibir\u00e1n de manera electr\u00f3nica a trav\u00e9s del formulario <a href=\"https:\/\/bit.ly\/Pasillocomic\" target=\"_blank\" rel=\"noopener\">https:\/\/bit.ly\/Pasillocomic<\/a> y se responder\u00e1n por correo electr\u00f3nico a m\u00e1s tardar el 26 de septiembre a las 16:00 horas.<\/div>\n<div><\/div>\n<div>9. Los datos personales proporcionados por los participantes quedan resguardados y protegidos en t\u00e9rminos de Ley. El aviso de privacidad del Instituto Estatal de la Cultura est\u00e1 disponible en <a href=\"https:\/\/bit.ly\/iecprivacidad\" target=\"_blank\" rel=\"noopener\">https:\/\/bit.ly\/iecprivacidad<\/a><\/div>\n","protected":false},"excerpt":{"rendered":"<p>Convocatoria Pasillo del C\u00f3mic Festival de C\u00f3mic y Manga 2023 El Instituto Estatal de la Cultura, a trav\u00e9s de la Biblioteca Central Estatal Wigberto Jim\u00e9nez Moreno, invita a artistas, editoriales, [&hellip;]<\/p>\n","protected":false},"author":5,"featured_media":8361,"comment_status":"closed","ping_status":"closed","sticky":false,"template":"","format":"standard","meta":{"footnotes":""},"categories":[25],"tags":[],"class_list":["post-8358","post","type-post","status-publish","format-standard","hentry","category-convocatorias"],"_links":{"self":[{"href":"https:\/\/cultura.guanajuato.gob.mx\/index.php\/wp-json\/wp\/v2\/posts\/8358","targetHints":{"allow":["GET"]}}],"collection":[{"href":"https:\/\/cultura.guanajuato.gob.mx\/index.php\/wp-json\/wp\/v2\/posts"}],"about":[{"href":"https:\/\/cultura.guanajuato.gob.mx\/index.php\/wp-json\/wp\/v2\/types\/post"}],"author":[{"embeddable":true,"href":"https:\/\/cultura.guanajuato.gob.mx\/index.php\/wp-json\/wp\/v2\/users\/5"}],"replies":[{"embeddable":true,"href":"https:\/\/cultura.guanajuato.gob.mx\/index.php\/wp-json\/wp\/v2\/comments?post=8358"}],"version-history":[{"count":4,"href":"https:\/\/cultura.guanajuato.gob.mx\/index.php\/wp-json\/wp\/v2\/posts\/8358\/revisions"}],"predecessor-version":[{"id":8366,"href":"https:\/\/cultura.guanajuato.gob.mx\/index.php\/wp-json\/wp\/v2\/posts\/8358\/revisions\/8366"}],"wp:featuredmedia":[{"embeddable":true,"href":"https:\/\/cultura.guanajuato.gob.mx\/index.php\/wp-json\/wp\/v2\/media\/8361"}],"wp:attachment":[{"href":"https:\/\/cultura.guanajuato.gob.mx\/index.php\/wp-json\/wp\/v2\/media?parent=8358"}],"wp:term":[{"taxonomy":"category","embeddable":true,"href":"https:\/\/cultura.guanajuato.gob.mx\/index.php\/wp-json\/wp\/v2\/categories?post=8358"},{"taxonomy":"post_tag","embeddable":true,"href":"https:\/\/cultura.guanajuato.gob.mx\/index.php\/wp-json\/wp\/v2\/tags?post=8358"}],"curies":[{"name":"wp","href":"https:\/\/api.w.org\/{rel}","templated":true}]}}