{"id":8530,"date":"2023-11-07T12:35:55","date_gmt":"2023-11-07T12:35:55","guid":{"rendered":"https:\/\/cultura.guanajuato.gob.mx\/?p=8530"},"modified":"2023-11-07T12:35:55","modified_gmt":"2023-11-07T12:35:55","slug":"ediciones-la-rana-felich-2023","status":"publish","type":"post","link":"https:\/\/cultura.guanajuato.gob.mx\/index.php\/2023\/11\/07\/ediciones-la-rana-felich-2023\/","title":{"rendered":"ediciones la rana felich 2023"},"content":{"rendered":"<p><a href=\"https:\/\/cultura.guanajuato.gob.mx\/index.php\/2023\/11\/07\/ediciones-la-rana-felich-2023\/psudoslide\/\" rel=\"attachment wp-att-8531\"><img loading=\"lazy\" decoding=\"async\" class=\"size-full wp-image-8531 aligncenter\" src=\"https:\/\/cultura.guanajuato.gob.mx\/wp-content\/uploads\/2023\/11\/Psudoslide.jpg\" alt=\"\" width=\"780\" height=\"379\" srcset=\"https:\/\/cultura.guanajuato.gob.mx\/wp-content\/uploads\/2023\/11\/Psudoslide.jpg 780w, https:\/\/cultura.guanajuato.gob.mx\/wp-content\/uploads\/2023\/11\/Psudoslide-300x146.jpg 300w, https:\/\/cultura.guanajuato.gob.mx\/wp-content\/uploads\/2023\/11\/Psudoslide-768x373.jpg 768w\" sizes=\"auto, (max-width: 780px) 100vw, 780px\" \/><\/a><\/p>\n<p style=\"text-align: center;\"><strong>Ediciones La Rana en la Feria Internacional de Libro Chihuahua 2023<\/strong><br \/>\n<strong>Del 11 al 19 de noviembre<\/strong><br \/>\n<strong>Expo Chihuahua<\/strong><\/p>\n<p style=\"text-align: center;\"><strong>Programa<\/strong><\/p>\n<p><strong>S\u00e1bado 11<\/strong><\/p>\n<p>Presentaci\u00f3n editorial<br \/>\nEn homenaje a Jos\u00e9 Alfredo Jim\u00e9nez a 50 a\u00f1os de su fallecimiento<br \/>\n<em><strong>El \u00faltimo trago<\/strong><\/em><br \/>\nDe Federico Velio Ortega Delgado<br \/>\nEdiciones La Rana<br \/>\n17:00 h<\/p>\n<p><strong>Lunes 13<\/strong><\/p>\n<p>Presentaci\u00f3n editorial<br \/>\n<em><strong>Marca de agua<\/strong><\/em><br \/>\nDe Ana Paulina Calvillo<br \/>\nColecci\u00f3n Biblioteca de Cuento Contempor\u00e1neo<br \/>\nEdiciones La Rana y Editorial Ficticia<br \/>\n19:00 h<\/p>\n<p><strong>Martes 14<\/strong><\/p>\n<p>Sal\u00f3n de poes\u00eda. Poes\u00eda guanajuatense<br \/>\n<em><strong>Cr\u00f3nica del fracaso de una cacer\u00eda<\/strong><\/em><br \/>\nde Ulises Torres<br \/>\nEdiciones La Rana<br \/>\n17:00 h<\/p>\n<p>Presentaci\u00f3n editorial<br \/>\n<em><strong>La palabra quebrada<\/strong><\/em><br \/>\nde Mart\u00edn Cerda<br \/>\nE1, Ediciones La Rana y Los Otros Libros<br \/>\nPresenta Pedro Mena Berm\u00fadez<br \/>\n18:00 h<\/p>\n<p><strong>Mi\u00e9rcoles 15<\/strong><\/p>\n<p>Presentaci\u00f3n editorial<br \/>\n<em><strong>Mala entra\u00f1a<\/strong><\/em><br \/>\nde Luis Felipe P\u00e9rez<br \/>\nColecci\u00f3n Autores de Guanajuato<br \/>\nEdiciones La Rana<br \/>\n16:00 h<\/p>\n<p><strong>Jueves 16<\/strong><\/p>\n<p>Ciclo Historia de Guanajuato<br \/>\n<em><strong>En torno al agua<\/strong><\/em>, de Jos\u00e9 Luis Lara Vald\u00e9s<br \/>\n<em><strong>La rebeli\u00f3n popular de 1767 en Guanajuato<\/strong><\/em>, de Luis Fernando D\u00edaz S\u00e1nchez<br \/>\n<em><strong>La Revoluci\u00f3n Maderista desde el Congreso de Guanajuato<\/strong><\/em>, de Luis Ernesto Camarillo Ram\u00edrez<br \/>\n<em><strong>La Compa\u00f1\u00eda de Jes\u00fas en Le\u00f3n<\/strong><\/em>, de Adriana Ortega Zenteno<br \/>\n<em><strong>Los gritos de Dolores,<\/strong><\/em> de Roc\u00edo Corona Azanza<br \/>\nEdiciones La Rana<br \/>\nPresenta: Presenta: Roc\u00edo del Carmen Corona Azanza<br \/>\n17:00 h<\/p>\n<p><strong>Viernes 17<\/strong><\/p>\n<p>Presentaci\u00f3n editorial<br \/>\n<em><strong>Emilio Uranga: A\u00f1os de Alemania (1952-1956)<\/strong><\/em><br \/>\nPr\u00f3logo de Adolfo Casta\u00f1\u00f3n<br \/>\nCol. Filos\u00f3fica<br \/>\nEdiciones La Rana, Universidad Aut\u00f3noma de M\u00e9xico, Universidad de Guanajuato, Bonilla Artigas Editores.<br \/>\nPresenta: Enrique Avil\u00e9s<br \/>\n15:00 h<\/p>\n<p><strong>Domingo 19<\/strong><\/p>\n<p>Sal\u00f3n de poes\u00eda. Poes\u00eda guanajuatense<br \/>\n<em><strong>Discurso desde l<\/strong><\/em>a cama<br \/>\nDe Paulina Mendoza<br \/>\nEdiciones La Rana<br \/>\n14:00 h<\/p>\n<p>Ciclo Barcos de Papel<br \/>\nColecci\u00f3n de Literatura infantil guanajuatenses<br \/>\n<em><strong>Cu\u00e9ntame mentiras<\/strong><\/em><br \/>\nDe Bernardo Govea<br \/>\nEdiciones La Rana<br \/>\n15:00 h<\/p>\n<p>Presentaci\u00f3n editorial<br \/>\n<em><strong>Escribir desde el incendio<\/strong><\/em><br \/>\nde Juan Manuel Garc\u00eda Belmonte<br \/>\nEdiciones E1<br \/>\n16:00 h<\/p>\n<p>Sal\u00f3n de poes\u00eda. Poes\u00eda guanajuatense<br \/>\n<em><strong>Obra reunida y Trazos<\/strong><\/em><br \/>\nde Juan Manuel Ram\u00edrez Palomares<br \/>\nEdiciones La Rana<br \/>\n18:00 h<\/p>\n<p>Las actividades se llevar\u00e1n a cabo en el Pabell\u00f3n Guanajuato de la Expo Chihuahua. Centro de Exposiciones y Convenciones. Av. Tecnol\u00f3gico 900. Santo Ni\u00f1o, Chihuahua, Chih.<\/p>\n","protected":false},"excerpt":{"rendered":"<p>Ediciones La Rana en la Feria Internacional de Libro Chihuahua 2023 Del 11 al 19 de noviembre Expo Chihuahua Programa S\u00e1bado 11 Presentaci\u00f3n editorial En homenaje a Jos\u00e9 Alfredo Jim\u00e9nez [&hellip;]<\/p>\n","protected":false},"author":5,"featured_media":0,"comment_status":"closed","ping_status":"closed","sticky":false,"template":"","format":"standard","meta":{"footnotes":""},"categories":[15,79],"tags":[310,248,247,309],"class_list":["post-8530","post","type-post","status-publish","format-standard","hentry","category-cartelera-de-eventos","category-literatura","tag-chihuahua","tag-ediciones-la-rana","tag-feria-del-libro","tag-la-rana"],"_links":{"self":[{"href":"https:\/\/cultura.guanajuato.gob.mx\/index.php\/wp-json\/wp\/v2\/posts\/8530","targetHints":{"allow":["GET"]}}],"collection":[{"href":"https:\/\/cultura.guanajuato.gob.mx\/index.php\/wp-json\/wp\/v2\/posts"}],"about":[{"href":"https:\/\/cultura.guanajuato.gob.mx\/index.php\/wp-json\/wp\/v2\/types\/post"}],"author":[{"embeddable":true,"href":"https:\/\/cultura.guanajuato.gob.mx\/index.php\/wp-json\/wp\/v2\/users\/5"}],"replies":[{"embeddable":true,"href":"https:\/\/cultura.guanajuato.gob.mx\/index.php\/wp-json\/wp\/v2\/comments?post=8530"}],"version-history":[{"count":2,"href":"https:\/\/cultura.guanajuato.gob.mx\/index.php\/wp-json\/wp\/v2\/posts\/8530\/revisions"}],"predecessor-version":[{"id":8533,"href":"https:\/\/cultura.guanajuato.gob.mx\/index.php\/wp-json\/wp\/v2\/posts\/8530\/revisions\/8533"}],"wp:attachment":[{"href":"https:\/\/cultura.guanajuato.gob.mx\/index.php\/wp-json\/wp\/v2\/media?parent=8530"}],"wp:term":[{"taxonomy":"category","embeddable":true,"href":"https:\/\/cultura.guanajuato.gob.mx\/index.php\/wp-json\/wp\/v2\/categories?post=8530"},{"taxonomy":"post_tag","embeddable":true,"href":"https:\/\/cultura.guanajuato.gob.mx\/index.php\/wp-json\/wp\/v2\/tags?post=8530"}],"curies":[{"name":"wp","href":"https:\/\/api.w.org\/{rel}","templated":true}]}}