{"id":8757,"date":"2024-05-14T17:24:05","date_gmt":"2024-05-14T17:24:05","guid":{"rendered":"https:\/\/cultura.guanajuato.gob.mx\/?p=8757"},"modified":"2024-05-14T17:24:05","modified_gmt":"2024-05-14T17:24:05","slug":"programacion-dia-museos-2024","status":"publish","type":"post","link":"https:\/\/cultura.guanajuato.gob.mx\/index.php\/2024\/05\/14\/programacion-dia-museos-2024\/","title":{"rendered":"programacion dia museos 2024"},"content":{"rendered":"<p><a href=\"https:\/\/cultura.guanajuato.gob.mx\/index.php\/2024\/05\/14\/programacion-dia-museos-2024\/slide_dia-del-museo\/\" rel=\"attachment wp-att-8758\"><img loading=\"lazy\" decoding=\"async\" class=\"size-full wp-image-8758 aligncenter\" src=\"https:\/\/cultura.guanajuato.gob.mx\/wp-content\/uploads\/2024\/05\/SLIDE_DIA-DEL-MUSEO.png\" alt=\"\" width=\"780\" height=\"380\" srcset=\"https:\/\/cultura.guanajuato.gob.mx\/wp-content\/uploads\/2024\/05\/SLIDE_DIA-DEL-MUSEO.png 780w, https:\/\/cultura.guanajuato.gob.mx\/wp-content\/uploads\/2024\/05\/SLIDE_DIA-DEL-MUSEO-300x146.png 300w, https:\/\/cultura.guanajuato.gob.mx\/wp-content\/uploads\/2024\/05\/SLIDE_DIA-DEL-MUSEO-768x374.png 768w\" sizes=\"auto, (max-width: 780px) 100vw, 780px\" \/><\/a><\/p>\n<p><strong>D\u00eda Internacional de los Museos<\/strong><br \/>\n<strong>Mayo 2024<\/strong><\/p>\n<p>Conversatorio<br \/>\n<strong>La Alh\u00f3ndiga de Granaditas. Significado y proyecci\u00f3n<\/strong><br \/>\nParticipan: Dra. Mar\u00eda Guevara Sangin\u00e9s, H. Rosal\u00eda Aguilar Zamora, Dr. Daniel A\u00f1orve A\u00f1orve, Mtro. Arturo L\u00f3pez Rodr\u00edguez.<br \/>\nModera: Antrop\u00f3logo H\u00e9ctor \u00c1lvarez Santiago<br \/>\nMuseo Regional de Guanajuato Alh\u00f3ndiga de Granaditas<br \/>\n<strong><span style=\"color: #000080;\">Martes 14, 11:00 h<\/span><\/strong><\/p>\n<p>Recorrido<br \/>\n<strong>Conociendo los Museos IEC<\/strong> (Registro previo)<br \/>\n*Dirigido a estudiantes de la Universidad de Guanajuato<br \/>\nMuseo Casa Diego Rivera, Museo del Pueblo de Guanajuato, Museo Conde Rul, Museo Palacio de los Poderes.<br \/>\n<strong><span style=\"color: #000080;\">Jueves 16, 11:00 a 14:00 h<\/span><\/strong><\/p>\n<p>Taller<br \/>\n<strong>Reconoci\u00e9ndonos en la labor de la mediaci\u00f3n en los museos<\/strong> (Registro previo)<br \/>\nImparte: Sergio Ceballos Parra<br \/>\n*Dirigido a trabajadores de museos y espacios culturales, talleristas y mediadores del estado de Guanajuato.<br \/>\nMuseo Hermenegildo Bustos<br \/>\n<strong><span style=\"color: #000080;\">Viernes 17, 10:00 h<\/span><\/strong><\/p>\n<p><span style=\"color: #3366ff;\"><strong>Jornada Principal<\/strong><\/span><br \/>\n<span style=\"color: #3366ff;\"><strong>S\u00e1bado 18 de mayo<\/strong><\/span><\/p>\n<p>Cuentacuentos-Taller familiar<br \/>\n<strong>Magicuento. Siento un museo<\/strong><br \/>\nPresenta: La Doctora Yons y 101 Museos M\u00e9xico<br \/>\n12:00 h Museo del Pueblo de Guanajuato.<br \/>\n14:00 h Museo Conde Rul<br \/>\n16:00 h Museo Casa Diego Rivera<\/p>\n<p><strong>Recorridos comentados<\/strong><br \/>\nMuseo de Arte Olga Costa \u2013 Jos\u00e9 Ch\u00e1vez Morado.<br \/>\n12:00 y 14:00 h<\/p>\n<p><strong>Recorrido Iluminado por el Palacio<\/strong><br \/>\nMuseo Palacio de los Poderes<br \/>\n13:00 h<\/p>\n<p><strong>Actividad de grabado y juegos para la familia<\/strong><br \/>\nMuseo Jos\u00e9 Ch\u00e1vez Morado.<br \/>\n10:00 a 16:00 h<\/p>\n<p><strong>Noche cultural<\/strong><br \/>\nRecorrido nocturno con visita dramatizada y presentaciones art\u00edsticas.<br \/>\nMuseo Hermenegildo Bustos<br \/>\n19:00 h<\/p>\n<p><em>*D\u00eda de acceso gratuito a todos los museos del Instituto Estatal de la Cultura.<\/em><br \/>\n<em>*25% de descuento en la compra de tu Gu\u00eda de Museos: Precio final: 150 pesos.<\/em><\/p>\n<p><strong>Callej\u00f3n del Arte<\/strong><br \/>\nExposici\u00f3n y venta de obra de artistas guanajuatenses<br \/>\nCallej\u00f3n de la Condesa. Guanajuato<br \/>\n<strong><span style=\"color: #000080;\">Domingo 19, 10:00 a 16:00 h<\/span><\/strong><\/p>\n<p>Presentaci\u00f3n<br \/>\n<strong>Navegante<\/strong><br \/>\nPrograma de educaci\u00f3n art\u00edstica para educaci\u00f3n b\u00e1sica del estado de Guanajuato<br \/>\nDirigido a profesores de arte, talleristas y p\u00fablico interesado.<br \/>\nAuditorio del Museo Casa Diego Rivera<br \/>\n<strong><span style=\"color: #000080;\">Martes 21, 11:00 h<\/span><\/strong><\/p>\n<p>Seminario breve<br \/>\n<strong>An\u00e1lisis visual y discurso curatorial<\/strong><br \/>\nImparte: Ana Quiroz<br \/>\n<strong><span style=\"color: #000080;\">Del 24 de mayo al 20 de julio<\/span><\/strong><br \/>\nViernes, 16:00 a 18:30 h<br \/>\nS\u00e1bados, 10:00 a 12:30 h<br \/>\nCuota de recuperaci\u00f3n: 1,000 pesos (seminario completo)<br \/>\nInscripciones: https:\/\/forms.gle\/tiKA7S4yiJSEm8rLA<br \/>\nMayores informes: anadeniquiroz@gmail.com Tel. 55 43776942<\/p>\n<p><strong>I Encuentro para la profesionalizaci\u00f3n de Mediadores en Guanajuato<\/strong> (Registro Previo)<br \/>\nDirigido a trabajadores de museos y espacios culturales<br \/>\nCentro de Experimentaci\u00f3n Art\u00edstica<br \/>\nMuseo Olga Costa \u2013 Jos\u00e9 Ch\u00e1vez Morado<br \/>\n<strong><span style=\"color: #000080;\">Martes 28, 10:00 a 13:30 h<\/span><\/strong><\/p>\n<p>10:00 h Taller<br \/>\nReconoci\u00e9ndonos en la labor de la mediaci\u00f3n en los museos.<br \/>\nImparte: Mtro. Sergio Ceballos Parra.<\/p>\n<p>11:00 h Charla<br \/>\nAprender y desaprender del Museo. \u00bfPara qu\u00e9 mediar el arte?<br \/>\nImparte: Mtra. Ingrid Sosa Ehnis<\/p>\n<p>12:30 h Charla<br \/>\nLa mediaci\u00f3n como acci\u00f3n y concepto.<br \/>\nImparte: Israel Arturo Zubieta Galicia<\/p>\n<p>M\u00fasica<br \/>\n<strong>Gerardo Antonio Vel\u00e1zquez L\u00f3pez<\/strong><br \/>\nRecital de guitarra flamenca<br \/>\nMuseo Jos\u00e9 y Tom\u00e1s Ch\u00e1vez Morado.<br \/>\n<strong><span style=\"color: #000080;\">Viernes 31, 17:00 h<\/span><\/strong><\/p>\n<p>Actividades con acceso gratuito (excepto seminario)<\/p>\n<p><strong>(Registro previo para actividades que lo requieren)<\/strong><br \/>\nInformes e inscripciones: seducativosiec@guanajuato.gob.mx<br \/>\nTel. 473 732 2380<\/p>\n","protected":false},"excerpt":{"rendered":"<p>D\u00eda Internacional de los Museos Mayo 2024 Conversatorio La Alh\u00f3ndiga de Granaditas. Significado y proyecci\u00f3n Participan: Dra. Mar\u00eda Guevara Sangin\u00e9s, H. Rosal\u00eda Aguilar Zamora, Dr. Daniel A\u00f1orve A\u00f1orve, Mtro. Arturo [&hellip;]<\/p>\n","protected":false},"author":5,"featured_media":0,"comment_status":"closed","ping_status":"closed","sticky":false,"template":"","format":"standard","meta":{"footnotes":""},"categories":[15],"tags":[237,287,22],"class_list":["post-8757","post","type-post","status-publish","format-standard","hentry","category-cartelera-de-eventos","tag-dia-internacional-de-los-museos","tag-dim","tag-museos"],"_links":{"self":[{"href":"https:\/\/cultura.guanajuato.gob.mx\/index.php\/wp-json\/wp\/v2\/posts\/8757","targetHints":{"allow":["GET"]}}],"collection":[{"href":"https:\/\/cultura.guanajuato.gob.mx\/index.php\/wp-json\/wp\/v2\/posts"}],"about":[{"href":"https:\/\/cultura.guanajuato.gob.mx\/index.php\/wp-json\/wp\/v2\/types\/post"}],"author":[{"embeddable":true,"href":"https:\/\/cultura.guanajuato.gob.mx\/index.php\/wp-json\/wp\/v2\/users\/5"}],"replies":[{"embeddable":true,"href":"https:\/\/cultura.guanajuato.gob.mx\/index.php\/wp-json\/wp\/v2\/comments?post=8757"}],"version-history":[{"count":2,"href":"https:\/\/cultura.guanajuato.gob.mx\/index.php\/wp-json\/wp\/v2\/posts\/8757\/revisions"}],"predecessor-version":[{"id":8760,"href":"https:\/\/cultura.guanajuato.gob.mx\/index.php\/wp-json\/wp\/v2\/posts\/8757\/revisions\/8760"}],"wp:attachment":[{"href":"https:\/\/cultura.guanajuato.gob.mx\/index.php\/wp-json\/wp\/v2\/media?parent=8757"}],"wp:term":[{"taxonomy":"category","embeddable":true,"href":"https:\/\/cultura.guanajuato.gob.mx\/index.php\/wp-json\/wp\/v2\/categories?post=8757"},{"taxonomy":"post_tag","embeddable":true,"href":"https:\/\/cultura.guanajuato.gob.mx\/index.php\/wp-json\/wp\/v2\/tags?post=8757"}],"curies":[{"name":"wp","href":"https:\/\/api.w.org\/{rel}","templated":true}]}}