{"id":8761,"date":"2024-05-15T12:19:56","date_gmt":"2024-05-15T12:19:56","guid":{"rendered":"https:\/\/cultura.guanajuato.gob.mx\/?p=8761"},"modified":"2024-05-15T12:24:32","modified_gmt":"2024-05-15T12:24:32","slug":"programa-ediciones-rana-fenal-2024","status":"publish","type":"post","link":"https:\/\/cultura.guanajuato.gob.mx\/index.php\/2024\/05\/15\/programa-ediciones-rana-fenal-2024\/","title":{"rendered":"programa ediciones rana fenal 2024"},"content":{"rendered":"<p><a href=\"https:\/\/cultura.guanajuato.gob.mx\/index.php\/2024\/05\/15\/programa-ediciones-rana-fenal-2024\/slide-fenal\/\" rel=\"attachment wp-att-8762\"><img loading=\"lazy\" decoding=\"async\" class=\"size-full wp-image-8762 aligncenter\" src=\"https:\/\/cultura.guanajuato.gob.mx\/wp-content\/uploads\/2024\/05\/Slide-Fenal.jpg\" alt=\"\" width=\"780\" height=\"380\" srcset=\"https:\/\/cultura.guanajuato.gob.mx\/wp-content\/uploads\/2024\/05\/Slide-Fenal.jpg 780w, https:\/\/cultura.guanajuato.gob.mx\/wp-content\/uploads\/2024\/05\/Slide-Fenal-300x146.jpg 300w, https:\/\/cultura.guanajuato.gob.mx\/wp-content\/uploads\/2024\/05\/Slide-Fenal-768x374.jpg 768w\" sizes=\"auto, (max-width: 780px) 100vw, 780px\" \/><\/a><\/p>\n<p style=\"text-align: center;\"><strong>FERIA NACIONAL DEL LIBRO DE LE\u00d3N (FENAL2024)<\/strong><br \/>\n<strong>INSTITUTO ESTATAL DE LA CULTURA DE GUANAJUATO \/ EDICIONES LA RANA<\/strong><br \/>\n<strong>PROGRAMA DE ACTIVIDADES<\/strong><br \/>\n<strong>MAYO 2024<\/strong><\/p>\n<p style=\"text-align: center;\">*Todas en la Sala Emma Godoy. Entrada libre.<\/p>\n<p>&nbsp;<\/p>\n<p>&nbsp;<\/p>\n<p><strong>SABADO 18 DE MAYO<\/strong><\/p>\n<p>Presentaci\u00f3n editorial<br \/>\n<strong>Navegante. Programa de ense\u00f1anza art\u00edstica para la educaci\u00f3n b\u00e1sica del estado de Guanajuato.<\/strong><br \/>\nDirecci\u00f3n de Vinculaci\u00f3n y desarrollo cultural y Ediciones La Rana<br \/>\nPresentan: An Van Den Bergh y Rebeca S\u00e1nchez Andrade<br \/>\n12.00 h<\/p>\n<p>Presentaci\u00f3n editorial<br \/>\n<strong>La brillante Juana In\u00e9s<\/strong><br \/>\nde Luc\u00eda Noriega,<br \/>\nFabi\u00e1n Ruiz, ilustrador<br \/>\nMuseo Iconogr\u00e1fico del Quijote MIQ<br \/>\nPresenta: la autora<br \/>\n13.00 h<\/p>\n<p>Presentaci\u00f3n editorial<br \/>\n<strong>Dicha y desdichas de Nicocles M\u00e9ndez<\/strong><br \/>\nde Efr\u00e9n Hern\u00e1ndez<br \/>\nPresenta: Alejandro Toledo<br \/>\nEdiciones La Rana<br \/>\n16.00 h<\/p>\n<p>Presentaci\u00f3n editorial<br \/>\n<strong>Vivencias del presente<\/strong><br \/>\nde Francisco Gonz\u00e1lez<br \/>\nEditorial El Canto del Ahuehuete<br \/>\nPresentan: David Uriel Mart\u00ednez y el autor<br \/>\n17.00 h<\/p>\n<p>Presentaci\u00f3n editorial<br \/>\n<strong>Nanda<\/strong><br \/>\nde Aldo Rosales Vel\u00e1zquez<br \/>\nPremio de Novela Jorge Ibarg\u00fcengoitia<br \/>\nCoedici\u00f3n Ediciones La Rana y Nitro\/Press<br \/>\nPresentan: Gonzalo Soltero y el autor<br \/>\n18.00 h<\/p>\n<p>Conversatorio: Diario de un editor incorregible<br \/>\n<strong>Homenaje a Juan Jos\u00e9 de Giovannini, In memoriam<\/strong><br \/>\nParticipan: Ricardo Garc\u00eda Mu\u00f1oz, Carlos Ulises Mata, Diana Espinoza y Mauricio V\u00e1zquez<br \/>\n19.00 h<\/p>\n<p><strong>DOMINGO 19 DE MAYO<\/strong><\/p>\n<p>Presentaci\u00f3n editorial<br \/>\n<strong>Tlatoani<\/strong><br \/>\nde Julio Edgar M\u00e9ndez<br \/>\nEditorial Gato Blanco<br \/>\nPresenta: el autor<br \/>\n12.00 h<\/p>\n<p>Presentaci\u00f3n editorial<br \/>\n<strong>En el planeta de tu cuerpo<\/strong><br \/>\nTaller Literario Diezmo de Palabras<br \/>\nCoordina: Julio Edgar M\u00e9ndez<br \/>\n13.00 h<\/p>\n<p>Presentaci\u00f3n editorial<br \/>\n<strong>Ciencia en femenino. Una revisi\u00f3n desde los aportes de las mujeres.<\/strong><br \/>\nde Sandra S\u00e1nchez Barbosa (autora) y Nadia Yanet Cort\u00e9s (Coordinaci\u00f3n)<br \/>\nPrograma Editorial Universitario<br \/>\nUniversidad de Guanajuato<br \/>\nModera: Alfredo Lara Morales<br \/>\n16.00 horas<\/p>\n<p>Presentaci\u00f3n editorial<br \/>\n<strong>Discursos cr\u00edticos de la modernidad<\/strong><br \/>\nAutoras y coordinadoras: Mar\u00eda Edith Vel\u00e1zquez Hern\u00e1ndez y Gergana Neycheva Petrova<br \/>\nPrograma Editorial Universitario<br \/>\nUniversidad de Guanajuato<br \/>\nPresentan: las coordinadoras y Jorge V\u00e1zquez Vega<br \/>\n17.00 h<\/p>\n<p>Presentaci\u00f3n editorial<br \/>\n<strong>Al comp\u00e1s de los p\u00e1jaros. Cartas para conversar con los muertos<\/strong><br \/>\nCoordinadores: Jonathan Mirus y Javier Palau Hern\u00e1ndez<br \/>\nPrograma Editorial Universitario<br \/>\nUniversidad de Guanajuato<br \/>\nPresentan: los coordinadores y Casandra Cruz V\u00e1zquez<br \/>\n18.00 h<\/p>\n<p>Presentaci\u00f3n editorial<br \/>\n<strong>Los p\u00e1jaros y su representaci\u00f3n gr\u00e1fica<\/strong><br \/>\nen la obra cient\u00edfica del doctor Alfredo Dug\u00e9s<br \/>\nde Amaranta Caballero<br \/>\nCol. Autores de Guanajuato<br \/>\nEdiciones La Rana<br \/>\nPresenta: Roc\u00edo Cer\u00f3n y la autora<br \/>\n19.00<\/p>\n<p><strong>LUNES 20 DE MAYO<\/strong><\/p>\n<p>Presentaci\u00f3n editorial<br \/>\n<strong>Betita Renter\u00eda y los ba\u00fales de Pancho Villa<\/strong><br \/>\nde Roc\u00edo Villa Contreras<br \/>\nEditorial Aridandante<br \/>\nPresenta. Julia Cu\u00e9llar<br \/>\n16:00 h<\/p>\n<p>Presentaci\u00f3n editorial y concierto<br \/>\n<strong>La Banda de M\u00fasica del Gobierno del Estado de Guanajuato<\/strong><br \/>\nde Luis Ger\u00f3nimo Saucedo Valadez<br \/>\nEdiciones La Rana<br \/>\nPresentan: Adalberto Tovar G\u00f3mez y el autor<br \/>\n17.00 h<\/p>\n<p><strong>Presentaci\u00f3n del cat\u00e1logo editorial 2023 \u2013 2024<\/strong><br \/>\nde Sauvage Atelier<br \/>\nPresentan: Antonio Ra\u00fal Karam Garc\u00eda, Pedro Mena Berm\u00fadez y Luis Felipe S\u00e1nchez<br \/>\n19.00 h<\/p>\n<p><strong>MARTES 21 DE MAYO<\/strong><\/p>\n<p>Presentaci\u00f3n editorial<br \/>\n<strong>Leyendas de Guanajuato<\/strong><br \/>\nde Carlos L. Alvear<br \/>\nEditorial Balam<br \/>\nPresentan: Tania Preciado y el autor<br \/>\n16.00 h<\/p>\n<p>Presentaci\u00f3n editorial<br \/>\n<strong>Pr\u00edncipe, el perro de Dios<\/strong><br \/>\nde Miguel Tolentino<br \/>\nCol. Fondo para las Letras Guanajuatenses<br \/>\nEdiciones La Rana<br \/>\nPresentan: Caleb Sol\u00f3rzano Salas y el autor<br \/>\n17.00 h<\/p>\n<p>Presentaci\u00f3n editorial<br \/>\n<strong>Documentos hist\u00f3ricos y referencias sobre el proceso de conformaci\u00f3n de Guanajuato como Estado Libre y Soberano<\/strong><br \/>\nEdiciones La Rana<br \/>\nPresentan: Carlos Armando Preciado (texto introductorio) y Joaqu\u00edn Aguirre.<br \/>\nModera: Susana M. Rodr\u00edguez Betancourt.<br \/>\n18.00 h<\/p>\n<p><strong>MI\u00c9RCOLES 22 DE MAYO<\/strong><\/p>\n<p>Presentaci\u00f3n editorial<br \/>\n<strong>Desmontar las herencias, pol\u00edticas de lo sutil<\/strong><br \/>\nEstudios de teatro de objetos documentales<br \/>\nCoordinadora: Shaday Larios<br \/>\nEdiciones La Rana<br \/>\nPresentan: F\u00e1tima Aguilar Mata (coordinadora) y Juan Manuel Garc\u00eda Belmonte<br \/>\n16.00 h<\/p>\n<p>Presentaci\u00f3n editorial<br \/>\n<strong>Cr\u00f3nicas de historia y arte guanajuatense, vol. II<\/strong><br \/>\nde Jes\u00fas Verd\u00edn Salda\u00f1a<br \/>\nEditorial El Canto del Ahuehuete<br \/>\nPresentan: Gustavo L\u00f3pez, David Uriel Mart\u00ednez y el autor<br \/>\n17.00 h<\/p>\n<p>Presentaci\u00f3n editorial<br \/>\n<strong>M\u00e1rmol<\/strong><br \/>\nde Pedro Mena Berm\u00fadez<br \/>\nEditorial Cinosargo y Marginalia<br \/>\nPresenta: Lola Horner y el autor<br \/>\n18:00 h<\/p>\n<p>Presentaci\u00f3n editorial<br \/>\n<strong>La infancia de los brujos<\/strong><br \/>\nde \u00c1mbar Gallardo<br \/>\nCol. Fondo para las Letras Guanajuatenses<br \/>\nEdiciones La Rana<br \/>\nPresentan: Ricardo Y\u00e1\u00f1ez y la autora<br \/>\n19.00 h<\/p>\n<p><strong>JUEVES 23 DE MAYO<\/strong><\/p>\n<p>Presentaci\u00f3n editorial<br \/>\n<strong>La regi\u00f3n de San Felipe, Gto. de 1793 a 1803 y su se\u00f1or cura don Miguel Hidalgo<\/strong><br \/>\nde Jos\u00e9 Luis Lara Vald\u00e9s<br \/>\nPresentan: Rigoberto Serv\u00edn y el autor.<br \/>\nEdiciones La Rana<br \/>\nPresenta: el autor<br \/>\n16.00 h<\/p>\n<p>Presentaci\u00f3n editorial<br \/>\n<strong>Torbellinos de lino en el jard\u00edn<\/strong><br \/>\nde Alejandra Solis<br \/>\nEditorial Aridandante<br \/>\nPresentan: Antonio Ra\u00fal Karam, Pedro Mena Berm\u00fadez y la autora<br \/>\n17.00 h<\/p>\n<p>Presentaci\u00f3n editorial<br \/>\n<strong>Los efectos del humo<\/strong><br \/>\nde Cindy Hatch<br \/>\nEditorial Sindicato Sentimental<br \/>\nPresentan: Adri\u00e1n Mart\u00ednez y la autora<br \/>\n18.00 h<\/p>\n<p>Presentaci\u00f3n editorial<br \/>\n<strong>Si alguna vez lo perdido<\/strong><br \/>\nde Al\u00ed Rend\u00f3n<br \/>\nEdiciones Perif\u00e9ricas<br \/>\nPresentan: Karla Evelia Gasca y el autor<br \/>\n19.00 h<\/p>\n<p><strong>VIERNES 24 DE MAYO<\/strong><\/p>\n<p>Presentaci\u00f3n editorial<br \/>\n<strong>Manual para el fortalecimiento de capacidades autogestivas para la salvaguardia del Patrimonio Cultural Inmaterial<\/strong><br \/>\nEdiciones La Rana<br \/>\nCentro de la Artes de Guanajuato<br \/>\nPresenta: Laura Corvera y F\u00e1tima Aguilar Mata<br \/>\n16.00 h<\/p>\n<p>Presentaci\u00f3n editorial<br \/>\n<strong>La carne sigue<\/strong><br \/>\nde Flor Bosco<br \/>\nEdiciones La Rana<br \/>\nPresentan: Juan Manuel Ram\u00edrez Palomares y la autora<br \/>\n17.00 h<\/p>\n<p>Presentaci\u00f3n editorial<br \/>\n<strong>Qu\u00e9 culpa si es cierto<\/strong><br \/>\nde Jaime Panqueva<br \/>\nCol. Fondo para las Letras Guanajuatenses<br \/>\nEdiciones La Rana<br \/>\nPresentan: Kennia Vel\u00e1zquez, Leopoldo Navarro y el autor.<br \/>\n18.00 h<\/p>\n<p>Presentaci\u00f3n editorial<br \/>\n<strong>El sonido de las seis s\u00edlabas<\/strong><br \/>\nde Marc\u00f3 Ornelas y Francisco Rangel<br \/>\nValpara\u00edso Ediciones<br \/>\nPresentan: Francisco Rangel y el autor<br \/>\n19.00 h<\/p>\n<p><strong>S\u00c1BADO 25 DE MAYO<\/strong><\/p>\n<p>Presentaci\u00f3n editorial<br \/>\n<strong>La villa de los vegetales y otras visitantes<\/strong><br \/>\nde Salvador de la Tejera (Escritor e ilustrador)<br \/>\nPresenta: el autor<br \/>\nMuseo Iconogr\u00e1fico del Quijote<br \/>\n12.00 h<\/p>\n<p>Presentaci\u00f3n editorial<br \/>\n<strong>Aqu\u00ed los muertos no cantan<\/strong><br \/>\nde Julieta Navarrete<br \/>\nCol. Fondo para las Letras Guanajuatenses<br \/>\nEdiciones La Rana<br \/>\nPresentan: Ana Paulina Calvillo y la autora.<br \/>\n13.00 h<\/p>\n<p><strong>Un atisbo memorioso<\/strong><br \/>\nJuan Jos\u00e9 de Giovannini, in memorian<br \/>\nParticipan: Ana Paulina Calvillo, Julia Cu\u00e9llar, Carlos L. Alvear y Pablo Paniagua.<br \/>\n16.00 h<\/p>\n<p>Presentaci\u00f3n editorial<br \/>\n<strong>Saltimbanquis<\/strong><br \/>\nde Juan Manuel Ram\u00edrez Palomares<br \/>\nCol. Barcos de papel<br \/>\nEdiciones La Rana<br \/>\nPresentan: Alicia Molina y el autor<br \/>\n17.00 h<\/p>\n<p>Presentaci\u00f3n editorial<br \/>\n<strong>Marca de agua<\/strong><br \/>\nde Ana Paulina Calvillo Reyes<br \/>\nCoedici\u00f3n Ediciones La Rana y Editorial Ficticia<br \/>\nPresentan: Claudina Domingo y la autora<br \/>\n18.00 h<\/p>\n<p>Presentaci\u00f3n editorial<br \/>\n<strong>La rueda de las aves<\/strong><br \/>\nde Emily Dickinson<br \/>\nCoedici\u00f3n Ediciones La Rana, Editorial Aquelarre y Los Otros Libros<br \/>\nPresentan: Juan Carlos Calvillo Reyes (Traductor) y Aurelia Cort\u00e9s Peyron (lectora)<br \/>\n19.00 h<\/p>\n<p><strong>DOMINGO 26 DE MAYO<\/strong><\/p>\n<p>Presentaci\u00f3n editorial<br \/>\n<strong>Leyendas mezcaleras de las haciendas de Guanajuato<\/strong><br \/>\nPresentan: Alejandro Vasconcelos (autor y compilador) y Rodrigo D\u00edaz Guerrero<br \/>\n12.00 h<\/p>\n<p>Presentaci\u00f3n editorial<br \/>\n<strong>\u00c9lites del poder en Guanajuato<\/strong><br \/>\nde Jos\u00e9 Antonio Mart\u00ednez \u00c1lvarez<br \/>\nTianguis de los sue\u00f1os, de Javier Mendoza<br \/>\nInstituto de Arte y Cultura de Celaya<br \/>\nPresentan: H\u00e9ctor G\u00f3mez de la Cortina, Luis Miguel Rionda y los autores<br \/>\n13.00 horas<\/p>\n<p>Presentaci\u00f3n editorial<br \/>\n<strong>El Mal<\/strong><br \/>\nde Macaria Espa\u00f1a<br \/>\nCol. Autores de Guanajuato<br \/>\nEdiciones La Rana<br \/>\nPresentan: Marjha Paulino y la autora<br \/>\n16.00 h<\/p>\n<p>Presentaci\u00f3n editorial<br \/>\n<strong>Cr\u00f3nica de una casa de mu\u00f1ecas<\/strong><br \/>\nde C\u00f3rvido Ram\u00edrez<br \/>\nInstituto de Arte y Cultura de Celaya<br \/>\nPresentan: J.J. Mason y el autor<br \/>\n17.00 h<\/p>\n<p>Presentaci\u00f3n editorial<br \/>\n<strong>Esquemas para construir una ventana<\/strong><br \/>\nde Jos\u00e9 Antonio Banda<br \/>\nCol. Autores de Guanajuato<br \/>\nEdiciones La Rana<br \/>\nPresentan: Aleqs Garrig\u00f3z, Ulises Torres y el autor.<br \/>\n18.00 h<\/p>\n<p><iframe style=\"width:550px;height:350px\" src=\"https:\/\/online.anyflip.com\/ccjlm\/tgly\/index.html\"  seamless=\"seamless\" scrolling=\"no\" frameborder=\"0\" allowtransparency=\"true\" allowfullscreen=\"true\" ><\/iframe><\/p>\n<p><em>Consulta programaci\u00f3n completa de la Feria Nacional del Libro en <a href=\"https:\/\/www.fenal.mx\/\" target=\"_blank\" rel=\"noopener\">fenal.mx<\/a><\/em><\/p>\n","protected":false},"excerpt":{"rendered":"<p>FERIA NACIONAL DEL LIBRO DE LE\u00d3N (FENAL2024) INSTITUTO ESTATAL DE LA CULTURA DE GUANAJUATO \/ EDICIONES LA RANA PROGRAMA DE ACTIVIDADES MAYO 2024 *Todas en la Sala Emma Godoy. Entrada [&hellip;]<\/p>\n","protected":false},"author":5,"featured_media":0,"comment_status":"closed","ping_status":"closed","sticky":false,"template":"","format":"standard","meta":{"footnotes":""},"categories":[15,79],"tags":[248,246,247,241],"class_list":["post-8761","post","type-post","status-publish","format-standard","hentry","category-cartelera-de-eventos","category-literatura","tag-ediciones-la-rana","tag-fenal","tag-feria-del-libro","tag-leon"],"_links":{"self":[{"href":"https:\/\/cultura.guanajuato.gob.mx\/index.php\/wp-json\/wp\/v2\/posts\/8761","targetHints":{"allow":["GET"]}}],"collection":[{"href":"https:\/\/cultura.guanajuato.gob.mx\/index.php\/wp-json\/wp\/v2\/posts"}],"about":[{"href":"https:\/\/cultura.guanajuato.gob.mx\/index.php\/wp-json\/wp\/v2\/types\/post"}],"author":[{"embeddable":true,"href":"https:\/\/cultura.guanajuato.gob.mx\/index.php\/wp-json\/wp\/v2\/users\/5"}],"replies":[{"embeddable":true,"href":"https:\/\/cultura.guanajuato.gob.mx\/index.php\/wp-json\/wp\/v2\/comments?post=8761"}],"version-history":[{"count":5,"href":"https:\/\/cultura.guanajuato.gob.mx\/index.php\/wp-json\/wp\/v2\/posts\/8761\/revisions"}],"predecessor-version":[{"id":8767,"href":"https:\/\/cultura.guanajuato.gob.mx\/index.php\/wp-json\/wp\/v2\/posts\/8761\/revisions\/8767"}],"wp:attachment":[{"href":"https:\/\/cultura.guanajuato.gob.mx\/index.php\/wp-json\/wp\/v2\/media?parent=8761"}],"wp:term":[{"taxonomy":"category","embeddable":true,"href":"https:\/\/cultura.guanajuato.gob.mx\/index.php\/wp-json\/wp\/v2\/categories?post=8761"},{"taxonomy":"post_tag","embeddable":true,"href":"https:\/\/cultura.guanajuato.gob.mx\/index.php\/wp-json\/wp\/v2\/tags?post=8761"}],"curies":[{"name":"wp","href":"https:\/\/api.w.org\/{rel}","templated":true}]}}