{"id":8782,"date":"2024-05-28T13:16:35","date_gmt":"2024-05-28T13:16:35","guid":{"rendered":"https:\/\/cultura.guanajuato.gob.mx\/?p=8782"},"modified":"2024-05-28T13:16:35","modified_gmt":"2024-05-28T13:16:35","slug":"mas-japon-guanajuato-2024","status":"publish","type":"post","link":"https:\/\/cultura.guanajuato.gob.mx\/index.php\/2024\/05\/28\/mas-japon-guanajuato-2024\/","title":{"rendered":"mas japon guanajuato 2024"},"content":{"rendered":"<p><a href=\"https:\/\/cultura.guanajuato.gob.mx\/index.php\/2024\/05\/28\/mas-japon-guanajuato-2024\/slide-evento_mas-japon-en-guanajuato\/\" rel=\"attachment wp-att-8783\"><img loading=\"lazy\" decoding=\"async\" class=\"size-full wp-image-8783 aligncenter\" src=\"https:\/\/cultura.guanajuato.gob.mx\/wp-content\/uploads\/2024\/05\/SLIDE-EVENTO_MAS-JAPON-EN-GUANAJUATO.png\" alt=\"\" width=\"780\" height=\"380\" srcset=\"https:\/\/cultura.guanajuato.gob.mx\/wp-content\/uploads\/2024\/05\/SLIDE-EVENTO_MAS-JAPON-EN-GUANAJUATO.png 780w, https:\/\/cultura.guanajuato.gob.mx\/wp-content\/uploads\/2024\/05\/SLIDE-EVENTO_MAS-JAPON-EN-GUANAJUATO-300x146.png 300w, https:\/\/cultura.guanajuato.gob.mx\/wp-content\/uploads\/2024\/05\/SLIDE-EVENTO_MAS-JAPON-EN-GUANAJUATO-768x374.png 768w\" sizes=\"auto, (max-width: 780px) 100vw, 780px\" \/><\/a><\/p>\n<p>&nbsp;<\/p>\n<p><strong>M\u00c1S MUNDO EN GUANAJUATO<\/strong><br \/>\n<strong>M\u00c1S JAP\u00d3N EN GUANAJUATO<\/strong><br \/>\nDel 5 al 9 de junio, 2024<br \/>\nGuanajuato | Salamanca | Irapuato<br \/>\n<strong>Programa general<\/strong><\/p>\n<p><strong>GUANAJUATO<\/strong><\/p>\n<p><strong>Ciclo de cine Japon\u00e9s<\/strong><br \/>\nCasa de la Cultura de Guanajuato<\/p>\n<p><strong>Receta para el memorial del d\u00eda 49<\/strong><br \/>\nShijukunichi no reshipi<br \/>\nDir. Yuki Tanada<br \/>\nDrama | 129 min<br \/>\nMi\u00e9rcoles 5<\/p>\n<p><strong>5 cent\u00edmetros por segundo<\/strong><br \/>\nByoosoku 5 senchi-meetoru<br \/>\nDir. Makoto Shinkai<br \/>\nAnimaci\u00f3n | 63 min<br \/>\nJueves 6<\/p>\n<p><strong>Arist\u00f3cratas<\/strong><br \/>\nAnoko wa kizoku<br \/>\nDir. Yukiko Sode<br \/>\nDrama | 124 min<br \/>\nViernes 7<\/p>\n<p><strong>Summer Blooms<\/strong><br \/>\nShigatsu No Nagai Yume<br \/>\nDir. Ryutaro Nakagawa<br \/>\nDrama | 93 min<br \/>\nS\u00e1bado 8<\/p>\n<p><strong>Swing me again<\/strong><br \/>\nFutatabi<br \/>\nDir. Toshi Shioya<br \/>\nDrama | 111 min<br \/>\nDomingo 9<\/p>\n<p>Funciones: 18:00 h | Entrada libre<\/p>\n<p><strong>Danza y m\u00fasica tradicional japonesa<\/strong><br \/>\nAkikompania<br \/>\nDir. Irene Akiko Iida<br \/>\nYukari Hirasawa, koto<br \/>\nMidori Suzuki, demostraci\u00f3n caligraf\u00eda<br \/>\nTeatro Cervantes<br \/>\nS\u00e1bado 8, 19:00 h<\/p>\n<p><strong>Festival Japon\u00e9s Matsuri<\/strong><br \/>\nPlaza Allende<br \/>\nDomingo 9, 11:00 a 16:00 h<\/p>\n<p><strong>Muestra gastron\u00f3mica<\/strong><br \/>\nLa Virgen de la Cueva, Casa Valadez, Comida Oriental, Banquetes Merezzco, Asociaci\u00f3n M\u00e9xico Japonesa<\/p>\n<p><strong>Talleres de caligraf\u00eda y origami<\/strong><br \/>\nAsociaci\u00f3n M\u00e9xico Japonesa<\/p>\n<p>12:00 Charla<br \/>\n<strong>Guanajuato en el cosplay<\/strong><br \/>\nElizabeth Mornighstar<\/p>\n<p>12:00 Taller<br \/>\n<strong>Conceptos b\u00e1sicos del dibujo en el manga*<\/strong><\/p>\n<p>13:00 Taller<br \/>\n<strong>Reto Yokai*<\/strong><br \/>\nStudio Ingeniarte<\/p>\n<p>13:00<strong> Demostraci\u00f3n de kendo<\/strong><\/p>\n<p>15:00 Taller<br \/>\n<strong>Creaci\u00f3n de personajes y escenarios manga*<\/strong><\/p>\n<p>*Talleres con cuota de recuperaci\u00f3n de 20 pesos\/persona<\/p>\n<p>Exposici\u00f3n<br \/>\n<strong>Trajes japoneses. Kimono elegante<\/strong><br \/>\nColecci\u00f3n: Asociaci\u00f3n M\u00e9xico Japonesa<br \/>\nMuseo Conde Rul<br \/>\nDel 8 de junio al 14 de julio<\/p>\n<p>Exposici\u00f3n<br \/>\n<strong>Recreaci\u00f3n. Obras de Midori Suzuki<\/strong><br \/>\nMuseo Conde Rul<br \/>\nDel 13 de junio al 14 de julio<\/p>\n<p><strong>SALAMANCA<\/strong><\/p>\n<p>Exposici\u00f3n<br \/>\n<strong>Recreaci\u00f3n. Obras de Midori Suzuki<\/strong><br \/>\nCentro de las Artes de Salamanca<br \/>\nDel 7 al 9 de junio<\/p>\n<p><strong>Taller de Caligraf\u00eda<\/strong><br \/>\n<strong>Ceremonia del t\u00e9<\/strong><br \/>\nAsociaci\u00f3n M\u00e9xico Japonesa<br \/>\nS\u00e1bado 8, 12:30 h<\/p>\n<p><strong>IRAPUATO<\/strong><\/p>\n<p><strong>Ceremonia del t\u00e9<\/strong><br \/>\nSr. Koichi Mitsui<br \/>\nLobby Teatro de la Ciudad<br \/>\nDomingo 9, 12:00 h<\/p>\n<p><strong>Danza y m\u00fasica tradicional japonesa<\/strong><br \/>\nAkikompania<br \/>\nDir. Irene Akiko Iida<br \/>\nYukari Hirasawa, koto<br \/>\nMidori Suzuki, demostraci\u00f3n caligraf\u00eda<br \/>\nTeatro de la Ciudad<br \/>\nDomingo 9, 13:00 h<\/p>\n<p><em>Todas las actividades son de entrada libre, excepto los talleres donde se indica cuota de recuperaci\u00f3n.<\/em><\/p>\n<p><em>Programa realizado en colaboraci\u00f3n con el Consulado General de Jap\u00f3n en Le\u00f3n y la Asociaci\u00f3n M\u00e9xico Japonesa.<\/em><\/p>\n","protected":false},"excerpt":{"rendered":"<p>&nbsp; M\u00c1S MUNDO EN GUANAJUATO M\u00c1S JAP\u00d3N EN GUANAJUATO Del 5 al 9 de junio, 2024 Guanajuato | Salamanca | Irapuato Programa general GUANAJUATO Ciclo de cine Japon\u00e9s Casa de [&hellip;]<\/p>\n","protected":false},"author":5,"featured_media":0,"comment_status":"closed","ping_status":"closed","sticky":false,"template":"","format":"standard","meta":{"footnotes":""},"categories":[15],"tags":[34,242,256,313,333,49],"class_list":["post-8782","post","type-post","status-publish","format-standard","hentry","category-cartelera-de-eventos","tag-guanajuato","tag-irapuato","tag-japon","tag-mas-mundo","tag-matsuri","tag-salamanca"],"_links":{"self":[{"href":"https:\/\/cultura.guanajuato.gob.mx\/index.php\/wp-json\/wp\/v2\/posts\/8782","targetHints":{"allow":["GET"]}}],"collection":[{"href":"https:\/\/cultura.guanajuato.gob.mx\/index.php\/wp-json\/wp\/v2\/posts"}],"about":[{"href":"https:\/\/cultura.guanajuato.gob.mx\/index.php\/wp-json\/wp\/v2\/types\/post"}],"author":[{"embeddable":true,"href":"https:\/\/cultura.guanajuato.gob.mx\/index.php\/wp-json\/wp\/v2\/users\/5"}],"replies":[{"embeddable":true,"href":"https:\/\/cultura.guanajuato.gob.mx\/index.php\/wp-json\/wp\/v2\/comments?post=8782"}],"version-history":[{"count":2,"href":"https:\/\/cultura.guanajuato.gob.mx\/index.php\/wp-json\/wp\/v2\/posts\/8782\/revisions"}],"predecessor-version":[{"id":8785,"href":"https:\/\/cultura.guanajuato.gob.mx\/index.php\/wp-json\/wp\/v2\/posts\/8782\/revisions\/8785"}],"wp:attachment":[{"href":"https:\/\/cultura.guanajuato.gob.mx\/index.php\/wp-json\/wp\/v2\/media?parent=8782"}],"wp:term":[{"taxonomy":"category","embeddable":true,"href":"https:\/\/cultura.guanajuato.gob.mx\/index.php\/wp-json\/wp\/v2\/categories?post=8782"},{"taxonomy":"post_tag","embeddable":true,"href":"https:\/\/cultura.guanajuato.gob.mx\/index.php\/wp-json\/wp\/v2\/tags?post=8782"}],"curies":[{"name":"wp","href":"https:\/\/api.w.org\/{rel}","templated":true}]}}